{"id":11256,"date":"2024-04-01T18:17:32","date_gmt":"2024-04-01T18:17:32","guid":{"rendered":"https:\/\/www.feuerwehr-gratkorn.at\/home\/?p=11256"},"modified":"2024-04-01T18:24:07","modified_gmt":"2024-04-01T18:24:07","slug":"b08-fahrzeugbrand-a9-2-2-2-2-2-2-2-2-3-2-2-2-2-2-3-2-2-2-2-2-2-2-2-3-2-2-2-2-2-2-2-2-2-3-2-2-2-2-2-2-2-2-2-2-2-2-2-2-3-2-2-2-3-2-2-2-2-2-3-3-3-4-2-4-2-3-2-3-2-2-2-2-2-2","status":"publish","type":"post","link":"https:\/\/www.feuerwehr-gratkorn.at\/home\/uebungen-2024\/11256\/","title":{"rendered":"Fachbereichs\u00fcbung | Atemschutz"},"content":{"rendered":"\n\n<table style=\"width: 90.312%; margin-left: 30px; height: 43px;\">\n<tbody>\n<tr style=\"height: 33px;\">\n<td style=\"width: 37.3355%; height: 10px;\"><em><strong>Datum:<\/strong><\/em><\/td>\n<td style=\"width: 62.5%; height: 10px;\">\u00a026.03.2024<\/td>\n<\/tr>\n<tr style=\"height: 33px;\">\n<td style=\"width: 37.3355%; height: 33px;\"><em><strong>\u00dcbungszeit:<\/strong><\/em><\/td>\n<td style=\"width: 62.5%; height: 33px;\">\u00a018:00 &#8211; 21:30<\/td>\n<\/tr>\n<\/tbody>\n<\/table>\n<p>Am 26.03.2024 fand eine \u00dcbung f\u00fcr unsere Atemschutzger\u00e4tetr\u00e4ger statt.\u00a0<\/p>\n<p>T\u00e4tigkeiten:\u00a0<\/p>\n<ul>\n<li>Erkundung durch den Atemschutztrupp<\/li>\n<li>Suchen und Retten von vermissten Personen in verrauchten R\u00e4umen<\/li>\n<li>Rauchausbreitung verhindern\u00a0<\/li>\n<li>Bel\u00fcftungsma\u00dfnahmen\u00a0<\/li>\n<li>Au\u00dfen\u00fcberwachung der Atemschutztrupps<\/li>\n<\/ul>\n<p><!--more--><\/p>\n<div class=\"cxmmr5t8 oygrvhab hcukyx3x c1et5uql o9v6fnle ii04i59q\">\n<div dir=\"auto\">\n<div class=\"cxmmr5t8 oygrvhab hcukyx3x c1et5uql o9v6fnle ii04i59q\">\n<div dir=\"auto\">\u00a0<\/div>\n<\/div>\n<\/div>\n<\/div>\n<div dir=\"auto\">\u00a0<\/div>\n<div class=\"cxmmr5t8 oygrvhab hcukyx3x c1et5uql o9v6fnle ii04i59q\">\n<div dir=\"auto\">\n\n\t\t<style type=\"text\/css\">\n\t\t\t#gallery-1 {\n\t\t\t\tmargin: auto;\n\t\t\t}\n\t\t\t#gallery-1 .gallery-item {\n\t\t\t\tfloat: left;\n\t\t\t\tmargin-top: 10px;\n\t\t\t\ttext-align: center;\n\t\t\t\twidth: 33%;\n\t\t\t}\n\t\t\t#gallery-1 img {\n\t\t\t\tborder: 2px solid #cfcfcf;\n\t\t\t}\n\t\t\t#gallery-1 .gallery-caption {\n\t\t\t\tmargin-left: 0;\n\t\t\t}\n\t\t\t\/* see gallery_shortcode() in wp-includes\/media.php *\/\n\t\t<\/style>\n\t\t<div id='gallery-1' class='gallery galleryid-11256 gallery-columns-3 gallery-size-thumbnail'><dl class='gallery-item'>\n\t\t\t<dt class='gallery-icon landscape'>\n\t\t\t\t<a href='https:\/\/www.feuerwehr-gratkorn.at\/home\/wp-content\/uploads\/2024\/03\/IMG_7944-scaled.jpg'><img loading=\"lazy\" decoding=\"async\" width=\"150\" height=\"112\" src=\"https:\/\/www.feuerwehr-gratkorn.at\/home\/wp-content\/uploads\/2024\/03\/IMG_7944-150x112.jpg\" class=\"attachment-thumbnail size-thumbnail\" alt=\"\" srcset=\"https:\/\/www.feuerwehr-gratkorn.at\/home\/wp-content\/uploads\/2024\/03\/IMG_7944-150x112.jpg 150w, https:\/\/www.feuerwehr-gratkorn.at\/home\/wp-content\/uploads\/2024\/03\/IMG_7944-300x225.jpg 300w, https:\/\/www.feuerwehr-gratkorn.at\/home\/wp-content\/uploads\/2024\/03\/IMG_7944-720x540.jpg 720w, https:\/\/www.feuerwehr-gratkorn.at\/home\/wp-content\/uploads\/2024\/03\/IMG_7944-768x576.jpg 768w, https:\/\/www.feuerwehr-gratkorn.at\/home\/wp-content\/uploads\/2024\/03\/IMG_7944-1536x1152.jpg 1536w, https:\/\/www.feuerwehr-gratkorn.at\/home\/wp-content\/uploads\/2024\/03\/IMG_7944-2048x1536.jpg 2048w\" sizes=\"auto, (max-width: 150px) 100vw, 150px\" \/><\/a>\n\t\t\t<\/dt><\/dl><dl class='gallery-item'>\n\t\t\t<dt class='gallery-icon landscape'>\n\t\t\t\t<a href='https:\/\/www.feuerwehr-gratkorn.at\/home\/wp-content\/uploads\/2024\/03\/IMG_7937-scaled.jpg'><img loading=\"lazy\" decoding=\"async\" width=\"150\" height=\"112\" src=\"https:\/\/www.feuerwehr-gratkorn.at\/home\/wp-content\/uploads\/2024\/03\/IMG_7937-150x112.jpg\" class=\"attachment-thumbnail size-thumbnail\" alt=\"\" srcset=\"https:\/\/www.feuerwehr-gratkorn.at\/home\/wp-content\/uploads\/2024\/03\/IMG_7937-150x112.jpg 150w, https:\/\/www.feuerwehr-gratkorn.at\/home\/wp-content\/uploads\/2024\/03\/IMG_7937-300x225.jpg 300w, https:\/\/www.feuerwehr-gratkorn.at\/home\/wp-content\/uploads\/2024\/03\/IMG_7937-720x540.jpg 720w, https:\/\/www.feuerwehr-gratkorn.at\/home\/wp-content\/uploads\/2024\/03\/IMG_7937-768x576.jpg 768w, https:\/\/www.feuerwehr-gratkorn.at\/home\/wp-content\/uploads\/2024\/03\/IMG_7937-1536x1152.jpg 1536w, https:\/\/www.feuerwehr-gratkorn.at\/home\/wp-content\/uploads\/2024\/03\/IMG_7937-2048x1536.jpg 2048w\" sizes=\"auto, (max-width: 150px) 100vw, 150px\" \/><\/a>\n\t\t\t<\/dt><\/dl><dl class='gallery-item'>\n\t\t\t<dt class='gallery-icon landscape'>\n\t\t\t\t<a href='https:\/\/www.feuerwehr-gratkorn.at\/home\/wp-content\/uploads\/2024\/03\/IMG_7936-scaled.jpg'><img loading=\"lazy\" decoding=\"async\" width=\"150\" height=\"112\" src=\"https:\/\/www.feuerwehr-gratkorn.at\/home\/wp-content\/uploads\/2024\/03\/IMG_7936-150x112.jpg\" class=\"attachment-thumbnail size-thumbnail\" alt=\"\" srcset=\"https:\/\/www.feuerwehr-gratkorn.at\/home\/wp-content\/uploads\/2024\/03\/IMG_7936-150x112.jpg 150w, https:\/\/www.feuerwehr-gratkorn.at\/home\/wp-content\/uploads\/2024\/03\/IMG_7936-300x225.jpg 300w, https:\/\/www.feuerwehr-gratkorn.at\/home\/wp-content\/uploads\/2024\/03\/IMG_7936-720x540.jpg 720w, https:\/\/www.feuerwehr-gratkorn.at\/home\/wp-content\/uploads\/2024\/03\/IMG_7936-768x576.jpg 768w, https:\/\/www.feuerwehr-gratkorn.at\/home\/wp-content\/uploads\/2024\/03\/IMG_7936-1536x1152.jpg 1536w, https:\/\/www.feuerwehr-gratkorn.at\/home\/wp-content\/uploads\/2024\/03\/IMG_7936-2048x1536.jpg 2048w\" sizes=\"auto, (max-width: 150px) 100vw, 150px\" \/><\/a>\n\t\t\t<\/dt><\/dl><br style=\"clear: both\" \/><dl class='gallery-item'>\n\t\t\t<dt class='gallery-icon landscape'>\n\t\t\t\t<a href='https:\/\/www.feuerwehr-gratkorn.at\/home\/wp-content\/uploads\/2024\/03\/IMG_7934-scaled.jpg'><img loading=\"lazy\" decoding=\"async\" width=\"150\" height=\"113\" src=\"https:\/\/www.feuerwehr-gratkorn.at\/home\/wp-content\/uploads\/2024\/03\/IMG_7934-150x113.jpg\" class=\"attachment-thumbnail size-thumbnail\" alt=\"\" srcset=\"https:\/\/www.feuerwehr-gratkorn.at\/home\/wp-content\/uploads\/2024\/03\/IMG_7934-150x113.jpg 150w, https:\/\/www.feuerwehr-gratkorn.at\/home\/wp-content\/uploads\/2024\/03\/IMG_7934-300x225.jpg 300w, https:\/\/www.feuerwehr-gratkorn.at\/home\/wp-content\/uploads\/2024\/03\/IMG_7934-720x540.jpg 720w, https:\/\/www.feuerwehr-gratkorn.at\/home\/wp-content\/uploads\/2024\/03\/IMG_7934-768x576.jpg 768w, https:\/\/www.feuerwehr-gratkorn.at\/home\/wp-content\/uploads\/2024\/03\/IMG_7934-1536x1152.jpg 1536w, https:\/\/www.feuerwehr-gratkorn.at\/home\/wp-content\/uploads\/2024\/03\/IMG_7934-2048x1537.jpg 2048w\" sizes=\"auto, (max-width: 150px) 100vw, 150px\" \/><\/a>\n\t\t\t<\/dt><\/dl><dl class='gallery-item'>\n\t\t\t<dt class='gallery-icon landscape'>\n\t\t\t\t<a href='https:\/\/www.feuerwehr-gratkorn.at\/home\/wp-content\/uploads\/2024\/03\/IMG_7923-scaled.jpg'><img loading=\"lazy\" decoding=\"async\" width=\"150\" height=\"112\" src=\"https:\/\/www.feuerwehr-gratkorn.at\/home\/wp-content\/uploads\/2024\/03\/IMG_7923-150x112.jpg\" class=\"attachment-thumbnail size-thumbnail\" alt=\"\" srcset=\"https:\/\/www.feuerwehr-gratkorn.at\/home\/wp-content\/uploads\/2024\/03\/IMG_7923-150x112.jpg 150w, https:\/\/www.feuerwehr-gratkorn.at\/home\/wp-content\/uploads\/2024\/03\/IMG_7923-300x225.jpg 300w, https:\/\/www.feuerwehr-gratkorn.at\/home\/wp-content\/uploads\/2024\/03\/IMG_7923-720x540.jpg 720w, https:\/\/www.feuerwehr-gratkorn.at\/home\/wp-content\/uploads\/2024\/03\/IMG_7923-768x576.jpg 768w, https:\/\/www.feuerwehr-gratkorn.at\/home\/wp-content\/uploads\/2024\/03\/IMG_7923-1536x1152.jpg 1536w, https:\/\/www.feuerwehr-gratkorn.at\/home\/wp-content\/uploads\/2024\/03\/IMG_7923-2048x1536.jpg 2048w\" sizes=\"auto, (max-width: 150px) 100vw, 150px\" \/><\/a>\n\t\t\t<\/dt><\/dl><dl class='gallery-item'>\n\t\t\t<dt class='gallery-icon landscape'>\n\t\t\t\t<a href='https:\/\/www.feuerwehr-gratkorn.at\/home\/wp-content\/uploads\/2024\/03\/IMG_7929-scaled.jpg'><img loading=\"lazy\" decoding=\"async\" width=\"150\" height=\"112\" src=\"https:\/\/www.feuerwehr-gratkorn.at\/home\/wp-content\/uploads\/2024\/03\/IMG_7929-150x112.jpg\" class=\"attachment-thumbnail size-thumbnail\" alt=\"\" srcset=\"https:\/\/www.feuerwehr-gratkorn.at\/home\/wp-content\/uploads\/2024\/03\/IMG_7929-150x112.jpg 150w, https:\/\/www.feuerwehr-gratkorn.at\/home\/wp-content\/uploads\/2024\/03\/IMG_7929-300x225.jpg 300w, https:\/\/www.feuerwehr-gratkorn.at\/home\/wp-content\/uploads\/2024\/03\/IMG_7929-720x540.jpg 720w, https:\/\/www.feuerwehr-gratkorn.at\/home\/wp-content\/uploads\/2024\/03\/IMG_7929-768x576.jpg 768w, https:\/\/www.feuerwehr-gratkorn.at\/home\/wp-content\/uploads\/2024\/03\/IMG_7929-1536x1152.jpg 1536w, https:\/\/www.feuerwehr-gratkorn.at\/home\/wp-content\/uploads\/2024\/03\/IMG_7929-2048x1536.jpg 2048w\" sizes=\"auto, (max-width: 150px) 100vw, 150px\" \/><\/a>\n\t\t\t<\/dt><\/dl><br style=\"clear: both\" \/><dl class='gallery-item'>\n\t\t\t<dt class='gallery-icon landscape'>\n\t\t\t\t<a href='https:\/\/www.feuerwehr-gratkorn.at\/home\/wp-content\/uploads\/2024\/03\/IMG_7918-scaled.jpg'><img loading=\"lazy\" decoding=\"async\" width=\"150\" height=\"112\" src=\"https:\/\/www.feuerwehr-gratkorn.at\/home\/wp-content\/uploads\/2024\/03\/IMG_7918-150x112.jpg\" class=\"attachment-thumbnail size-thumbnail\" alt=\"\" srcset=\"https:\/\/www.feuerwehr-gratkorn.at\/home\/wp-content\/uploads\/2024\/03\/IMG_7918-150x112.jpg 150w, https:\/\/www.feuerwehr-gratkorn.at\/home\/wp-content\/uploads\/2024\/03\/IMG_7918-300x225.jpg 300w, https:\/\/www.feuerwehr-gratkorn.at\/home\/wp-content\/uploads\/2024\/03\/IMG_7918-720x540.jpg 720w, https:\/\/www.feuerwehr-gratkorn.at\/home\/wp-content\/uploads\/2024\/03\/IMG_7918-768x576.jpg 768w, https:\/\/www.feuerwehr-gratkorn.at\/home\/wp-content\/uploads\/2024\/03\/IMG_7918-1536x1152.jpg 1536w, https:\/\/www.feuerwehr-gratkorn.at\/home\/wp-content\/uploads\/2024\/03\/IMG_7918-2048x1536.jpg 2048w\" sizes=\"auto, (max-width: 150px) 100vw, 150px\" \/><\/a>\n\t\t\t<\/dt><\/dl><dl class='gallery-item'>\n\t\t\t<dt class='gallery-icon landscape'>\n\t\t\t\t<a href='https:\/\/www.feuerwehr-gratkorn.at\/home\/wp-content\/uploads\/2024\/03\/IMG_7916-scaled.jpg'><img loading=\"lazy\" decoding=\"async\" width=\"150\" height=\"113\" src=\"https:\/\/www.feuerwehr-gratkorn.at\/home\/wp-content\/uploads\/2024\/03\/IMG_7916-150x113.jpg\" class=\"attachment-thumbnail size-thumbnail\" alt=\"\" srcset=\"https:\/\/www.feuerwehr-gratkorn.at\/home\/wp-content\/uploads\/2024\/03\/IMG_7916-150x113.jpg 150w, https:\/\/www.feuerwehr-gratkorn.at\/home\/wp-content\/uploads\/2024\/03\/IMG_7916-300x225.jpg 300w, https:\/\/www.feuerwehr-gratkorn.at\/home\/wp-content\/uploads\/2024\/03\/IMG_7916-720x540.jpg 720w, https:\/\/www.feuerwehr-gratkorn.at\/home\/wp-content\/uploads\/2024\/03\/IMG_7916-768x576.jpg 768w, https:\/\/www.feuerwehr-gratkorn.at\/home\/wp-content\/uploads\/2024\/03\/IMG_7916-1536x1153.jpg 1536w, https:\/\/www.feuerwehr-gratkorn.at\/home\/wp-content\/uploads\/2024\/03\/IMG_7916-2048x1537.jpg 2048w\" sizes=\"auto, (max-width: 150px) 100vw, 150px\" \/><\/a>\n\t\t\t<\/dt><\/dl><dl class='gallery-item'>\n\t\t\t<dt class='gallery-icon landscape'>\n\t\t\t\t<a href='https:\/\/www.feuerwehr-gratkorn.at\/home\/wp-content\/uploads\/2024\/03\/IMG_7912-scaled.jpg'><img loading=\"lazy\" decoding=\"async\" width=\"150\" height=\"112\" src=\"https:\/\/www.feuerwehr-gratkorn.at\/home\/wp-content\/uploads\/2024\/03\/IMG_7912-150x112.jpg\" class=\"attachment-thumbnail size-thumbnail\" alt=\"\" srcset=\"https:\/\/www.feuerwehr-gratkorn.at\/home\/wp-content\/uploads\/2024\/03\/IMG_7912-150x112.jpg 150w, https:\/\/www.feuerwehr-gratkorn.at\/home\/wp-content\/uploads\/2024\/03\/IMG_7912-300x225.jpg 300w, https:\/\/www.feuerwehr-gratkorn.at\/home\/wp-content\/uploads\/2024\/03\/IMG_7912-720x540.jpg 720w, https:\/\/www.feuerwehr-gratkorn.at\/home\/wp-content\/uploads\/2024\/03\/IMG_7912-768x576.jpg 768w, https:\/\/www.feuerwehr-gratkorn.at\/home\/wp-content\/uploads\/2024\/03\/IMG_7912-1536x1152.jpg 1536w, https:\/\/www.feuerwehr-gratkorn.at\/home\/wp-content\/uploads\/2024\/03\/IMG_7912-2048x1536.jpg 2048w\" sizes=\"auto, (max-width: 150px) 100vw, 150px\" \/><\/a>\n\t\t\t<\/dt><\/dl><br style=\"clear: both\" \/><dl class='gallery-item'>\n\t\t\t<dt class='gallery-icon landscape'>\n\t\t\t\t<a href='https:\/\/www.feuerwehr-gratkorn.at\/home\/wp-content\/uploads\/2024\/03\/IMG_7910-scaled.jpg'><img loading=\"lazy\" decoding=\"async\" width=\"150\" height=\"113\" src=\"https:\/\/www.feuerwehr-gratkorn.at\/home\/wp-content\/uploads\/2024\/03\/IMG_7910-150x113.jpg\" class=\"attachment-thumbnail size-thumbnail\" alt=\"\" srcset=\"https:\/\/www.feuerwehr-gratkorn.at\/home\/wp-content\/uploads\/2024\/03\/IMG_7910-150x113.jpg 150w, https:\/\/www.feuerwehr-gratkorn.at\/home\/wp-content\/uploads\/2024\/03\/IMG_7910-300x225.jpg 300w, https:\/\/www.feuerwehr-gratkorn.at\/home\/wp-content\/uploads\/2024\/03\/IMG_7910-720x540.jpg 720w, https:\/\/www.feuerwehr-gratkorn.at\/home\/wp-content\/uploads\/2024\/03\/IMG_7910-768x576.jpg 768w, https:\/\/www.feuerwehr-gratkorn.at\/home\/wp-content\/uploads\/2024\/03\/IMG_7910-1536x1152.jpg 1536w, https:\/\/www.feuerwehr-gratkorn.at\/home\/wp-content\/uploads\/2024\/03\/IMG_7910-2048x1536.jpg 2048w\" sizes=\"auto, (max-width: 150px) 100vw, 150px\" \/><\/a>\n\t\t\t<\/dt><\/dl><dl class='gallery-item'>\n\t\t\t<dt class='gallery-icon landscape'>\n\t\t\t\t<a href='https:\/\/www.feuerwehr-gratkorn.at\/home\/wp-content\/uploads\/2024\/03\/IMG_7908-scaled.jpg'><img loading=\"lazy\" decoding=\"async\" width=\"150\" height=\"113\" src=\"https:\/\/www.feuerwehr-gratkorn.at\/home\/wp-content\/uploads\/2024\/03\/IMG_7908-150x113.jpg\" class=\"attachment-thumbnail size-thumbnail\" alt=\"\" srcset=\"https:\/\/www.feuerwehr-gratkorn.at\/home\/wp-content\/uploads\/2024\/03\/IMG_7908-150x113.jpg 150w, https:\/\/www.feuerwehr-gratkorn.at\/home\/wp-content\/uploads\/2024\/03\/IMG_7908-300x225.jpg 300w, https:\/\/www.feuerwehr-gratkorn.at\/home\/wp-content\/uploads\/2024\/03\/IMG_7908-720x540.jpg 720w, https:\/\/www.feuerwehr-gratkorn.at\/home\/wp-content\/uploads\/2024\/03\/IMG_7908-768x576.jpg 768w, https:\/\/www.feuerwehr-gratkorn.at\/home\/wp-content\/uploads\/2024\/03\/IMG_7908-1536x1152.jpg 1536w, https:\/\/www.feuerwehr-gratkorn.at\/home\/wp-content\/uploads\/2024\/03\/IMG_7908-2048x1536.jpg 2048w\" sizes=\"auto, (max-width: 150px) 100vw, 150px\" \/><\/a>\n\t\t\t<\/dt><\/dl><dl class='gallery-item'>\n\t\t\t<dt class='gallery-icon landscape'>\n\t\t\t\t<a href='https:\/\/www.feuerwehr-gratkorn.at\/home\/wp-content\/uploads\/2024\/03\/IMG_7906-scaled.jpg'><img loading=\"lazy\" decoding=\"async\" width=\"150\" height=\"112\" src=\"https:\/\/www.feuerwehr-gratkorn.at\/home\/wp-content\/uploads\/2024\/03\/IMG_7906-150x112.jpg\" class=\"attachment-thumbnail size-thumbnail\" alt=\"\" srcset=\"https:\/\/www.feuerwehr-gratkorn.at\/home\/wp-content\/uploads\/2024\/03\/IMG_7906-150x112.jpg 150w, https:\/\/www.feuerwehr-gratkorn.at\/home\/wp-content\/uploads\/2024\/03\/IMG_7906-300x225.jpg 300w, https:\/\/www.feuerwehr-gratkorn.at\/home\/wp-content\/uploads\/2024\/03\/IMG_7906-720x540.jpg 720w, https:\/\/www.feuerwehr-gratkorn.at\/home\/wp-content\/uploads\/2024\/03\/IMG_7906-768x576.jpg 768w, https:\/\/www.feuerwehr-gratkorn.at\/home\/wp-content\/uploads\/2024\/03\/IMG_7906-1536x1152.jpg 1536w, https:\/\/www.feuerwehr-gratkorn.at\/home\/wp-content\/uploads\/2024\/03\/IMG_7906-2048x1536.jpg 2048w\" sizes=\"auto, (max-width: 150px) 100vw, 150px\" \/><\/a>\n\t\t\t<\/dt><\/dl><br style=\"clear: both\" \/>\n\t\t<\/div>\n\n<\/div>\n<\/div>\n<div dir=\"auto\">\u00a0<\/div>\n\n","protected":false},"excerpt":{"rendered":"<p>Datum: \u00a026.03.2024 \u00dcbungszeit: \u00a018:00 &#8211; 21:30 Am 26.03.2024 fand eine \u00dcbung f\u00fcr unsere Atemschutzger\u00e4tetr\u00e4ger statt.\u00a0 T\u00e4tigkeiten:\u00a0 Erkundung durch den Atemschutztrupp Suchen und Retten von vermissten Personen in verrauchten R\u00e4umen Rauchausbreitung verhindern\u00a0 Bel\u00fcftungsma\u00dfnahmen\u00a0 Au\u00dfen\u00fcberwachung der Atemschutztrupps<\/p>\n","protected":false},"author":12,"featured_media":11267,"comment_status":"open","ping_status":"open","sticky":false,"template":"","format":"standard","meta":{"footnotes":""},"categories":[111],"tags":[],"class_list":["post-11256","post","type-post","status-publish","format-standard","has-post-thumbnail","hentry","category-uebungen-2024"],"yoast_head":"<!-- This site is optimized with the Yoast SEO plugin v26.9 - https:\/\/yoast.com\/product\/yoast-seo-wordpress\/ -->\n<title>Fachbereichs\u00fcbung | Atemschutz - Freiwillige Feuerwehr Gratkorn - Markt<\/title>\n<meta name=\"robots\" content=\"index, follow, max-snippet:-1, max-image-preview:large, max-video-preview:-1\" \/>\n<link rel=\"canonical\" href=\"https:\/\/www.feuerwehr-gratkorn.at\/home\/uebungen-2024\/11256\/\" \/>\n<meta property=\"og:locale\" content=\"de_DE\" \/>\n<meta property=\"og:type\" content=\"article\" \/>\n<meta property=\"og:title\" content=\"Fachbereichs\u00fcbung | Atemschutz - Freiwillige Feuerwehr Gratkorn - Markt\" \/>\n<meta property=\"og:description\" content=\"Datum: \u00a026.03.2024 \u00dcbungszeit: \u00a018:00 &#8211; 21:30 Am 26.03.2024 fand eine \u00dcbung f\u00fcr unsere Atemschutzger\u00e4tetr\u00e4ger statt.\u00a0 T\u00e4tigkeiten:\u00a0 Erkundung durch den Atemschutztrupp Suchen und Retten von vermissten Personen in verrauchten R\u00e4umen Rauchausbreitung verhindern\u00a0 Bel\u00fcftungsma\u00dfnahmen\u00a0 Au\u00dfen\u00fcberwachung der Atemschutztrupps\" \/>\n<meta property=\"og:url\" content=\"https:\/\/www.feuerwehr-gratkorn.at\/home\/uebungen-2024\/11256\/\" \/>\n<meta property=\"og:site_name\" content=\"Freiwillige Feuerwehr Gratkorn - Markt\" \/>\n<meta property=\"article:publisher\" content=\"https:\/\/www.facebook.com\/FeuerwehrGratkorn\" \/>\n<meta property=\"article:published_time\" content=\"2024-04-01T18:17:32+00:00\" \/>\n<meta property=\"article:modified_time\" content=\"2024-04-01T18:24:07+00:00\" \/>\n<meta property=\"og:image\" content=\"https:\/\/www.feuerwehr-gratkorn.at\/home\/wp-content\/uploads\/2024\/03\/IMG_7923-scaled.jpg\" \/>\n\t<meta property=\"og:image:width\" content=\"2560\" \/>\n\t<meta property=\"og:image:height\" content=\"1920\" \/>\n\t<meta property=\"og:image:type\" content=\"image\/jpeg\" \/>\n<meta name=\"author\" content=\"Annika Cresnik\" \/>\n<meta name=\"twitter:card\" content=\"summary_large_image\" \/>\n<meta name=\"twitter:label1\" content=\"Verfasst von\" \/>\n\t<meta name=\"twitter:data1\" content=\"Annika Cresnik\" \/>\n\t<meta name=\"twitter:label2\" content=\"Gesch\u00e4tzte Lesezeit\" \/>\n\t<meta name=\"twitter:data2\" content=\"1\u00a0Minute\" \/>\n<script type=\"application\/ld+json\" class=\"yoast-schema-graph\">{\"@context\":\"https:\/\/schema.org\",\"@graph\":[{\"@type\":\"Article\",\"@id\":\"https:\/\/www.feuerwehr-gratkorn.at\/home\/uebungen-2024\/11256\/#article\",\"isPartOf\":{\"@id\":\"https:\/\/www.feuerwehr-gratkorn.at\/home\/uebungen-2024\/11256\/\"},\"author\":{\"name\":\"Annika Cresnik\",\"@id\":\"https:\/\/www.feuerwehr-gratkorn.at\/home\/#\/schema\/person\/e32d740d5e2b635405bee4eadaeea2e4\"},\"headline\":\"Fachbereichs\u00fcbung | Atemschutz\",\"datePublished\":\"2024-04-01T18:17:32+00:00\",\"dateModified\":\"2024-04-01T18:24:07+00:00\",\"mainEntityOfPage\":{\"@id\":\"https:\/\/www.feuerwehr-gratkorn.at\/home\/uebungen-2024\/11256\/\"},\"wordCount\":47,\"commentCount\":0,\"publisher\":{\"@id\":\"https:\/\/www.feuerwehr-gratkorn.at\/home\/#organization\"},\"image\":{\"@id\":\"https:\/\/www.feuerwehr-gratkorn.at\/home\/uebungen-2024\/11256\/#primaryimage\"},\"thumbnailUrl\":\"https:\/\/www.feuerwehr-gratkorn.at\/home\/wp-content\/uploads\/2024\/03\/IMG_7923-scaled.jpg\",\"articleSection\":[\"\u00dcbungen 2024\"],\"inLanguage\":\"de\",\"potentialAction\":[{\"@type\":\"CommentAction\",\"name\":\"Comment\",\"target\":[\"https:\/\/www.feuerwehr-gratkorn.at\/home\/uebungen-2024\/11256\/#respond\"]}]},{\"@type\":\"WebPage\",\"@id\":\"https:\/\/www.feuerwehr-gratkorn.at\/home\/uebungen-2024\/11256\/\",\"url\":\"https:\/\/www.feuerwehr-gratkorn.at\/home\/uebungen-2024\/11256\/\",\"name\":\"Fachbereichs\u00fcbung | Atemschutz - Freiwillige Feuerwehr Gratkorn - Markt\",\"isPartOf\":{\"@id\":\"https:\/\/www.feuerwehr-gratkorn.at\/home\/#website\"},\"primaryImageOfPage\":{\"@id\":\"https:\/\/www.feuerwehr-gratkorn.at\/home\/uebungen-2024\/11256\/#primaryimage\"},\"image\":{\"@id\":\"https:\/\/www.feuerwehr-gratkorn.at\/home\/uebungen-2024\/11256\/#primaryimage\"},\"thumbnailUrl\":\"https:\/\/www.feuerwehr-gratkorn.at\/home\/wp-content\/uploads\/2024\/03\/IMG_7923-scaled.jpg\",\"datePublished\":\"2024-04-01T18:17:32+00:00\",\"dateModified\":\"2024-04-01T18:24:07+00:00\",\"breadcrumb\":{\"@id\":\"https:\/\/www.feuerwehr-gratkorn.at\/home\/uebungen-2024\/11256\/#breadcrumb\"},\"inLanguage\":\"de\",\"potentialAction\":[{\"@type\":\"ReadAction\",\"target\":[\"https:\/\/www.feuerwehr-gratkorn.at\/home\/uebungen-2024\/11256\/\"]}]},{\"@type\":\"ImageObject\",\"inLanguage\":\"de\",\"@id\":\"https:\/\/www.feuerwehr-gratkorn.at\/home\/uebungen-2024\/11256\/#primaryimage\",\"url\":\"https:\/\/www.feuerwehr-gratkorn.at\/home\/wp-content\/uploads\/2024\/03\/IMG_7923-scaled.jpg\",\"contentUrl\":\"https:\/\/www.feuerwehr-gratkorn.at\/home\/wp-content\/uploads\/2024\/03\/IMG_7923-scaled.jpg\",\"width\":2560,\"height\":1920},{\"@type\":\"BreadcrumbList\",\"@id\":\"https:\/\/www.feuerwehr-gratkorn.at\/home\/uebungen-2024\/11256\/#breadcrumb\",\"itemListElement\":[{\"@type\":\"ListItem\",\"position\":1,\"name\":\"Startseite\",\"item\":\"https:\/\/www.feuerwehr-gratkorn.at\/home\/\"},{\"@type\":\"ListItem\",\"position\":2,\"name\":\"Fachbereichs\u00fcbung | Atemschutz\"}]},{\"@type\":\"WebSite\",\"@id\":\"https:\/\/www.feuerwehr-gratkorn.at\/home\/#website\",\"url\":\"https:\/\/www.feuerwehr-gratkorn.at\/home\/\",\"name\":\"Freiwillige Feuerwehr Gratkorn - Markt\",\"description\":\"Unsere Freizeit f\u00fcr Ihre Sicherheit\",\"publisher\":{\"@id\":\"https:\/\/www.feuerwehr-gratkorn.at\/home\/#organization\"},\"potentialAction\":[{\"@type\":\"SearchAction\",\"target\":{\"@type\":\"EntryPoint\",\"urlTemplate\":\"https:\/\/www.feuerwehr-gratkorn.at\/home\/?s={search_term_string}\"},\"query-input\":{\"@type\":\"PropertyValueSpecification\",\"valueRequired\":true,\"valueName\":\"search_term_string\"}}],\"inLanguage\":\"de\"},{\"@type\":\"Organization\",\"@id\":\"https:\/\/www.feuerwehr-gratkorn.at\/home\/#organization\",\"name\":\"Freiwillige Feuerwehr Gratkorn - Markt\",\"url\":\"https:\/\/www.feuerwehr-gratkorn.at\/home\/\",\"logo\":{\"@type\":\"ImageObject\",\"inLanguage\":\"de\",\"@id\":\"https:\/\/www.feuerwehr-gratkorn.at\/home\/#\/schema\/logo\/image\/\",\"url\":\"https:\/\/www.feuerwehr-gratkorn.at\/home\/wp-content\/uploads\/2017\/01\/feuerwehrlogo.png\",\"contentUrl\":\"https:\/\/www.feuerwehr-gratkorn.at\/home\/wp-content\/uploads\/2017\/01\/feuerwehrlogo.png\",\"width\":225,\"height\":225,\"caption\":\"Freiwillige Feuerwehr Gratkorn - Markt\"},\"image\":{\"@id\":\"https:\/\/www.feuerwehr-gratkorn.at\/home\/#\/schema\/logo\/image\/\"},\"sameAs\":[\"https:\/\/www.facebook.com\/FeuerwehrGratkorn\",\"https:\/\/www.youtube.com\/channel\/UCzJVDxEgwKg6lxZNPn3A3AQ\"]},{\"@type\":\"Person\",\"@id\":\"https:\/\/www.feuerwehr-gratkorn.at\/home\/#\/schema\/person\/e32d740d5e2b635405bee4eadaeea2e4\",\"name\":\"Annika Cresnik\",\"image\":{\"@type\":\"ImageObject\",\"inLanguage\":\"de\",\"@id\":\"https:\/\/www.feuerwehr-gratkorn.at\/home\/#\/schema\/person\/image\/\",\"url\":\"https:\/\/secure.gravatar.com\/avatar\/d625f83b92235011363d6a401f06e029e4e6c8774522cfd5478d5dbdab45a04c?s=96&d=mm&r=g\",\"contentUrl\":\"https:\/\/secure.gravatar.com\/avatar\/d625f83b92235011363d6a401f06e029e4e6c8774522cfd5478d5dbdab45a04c?s=96&d=mm&r=g\",\"caption\":\"Annika Cresnik\"}}]}<\/script>\n<!-- \/ Yoast SEO plugin. -->","yoast_head_json":{"title":"Fachbereichs\u00fcbung | Atemschutz - Freiwillige Feuerwehr Gratkorn - Markt","robots":{"index":"index","follow":"follow","max-snippet":"max-snippet:-1","max-image-preview":"max-image-preview:large","max-video-preview":"max-video-preview:-1"},"canonical":"https:\/\/www.feuerwehr-gratkorn.at\/home\/uebungen-2024\/11256\/","og_locale":"de_DE","og_type":"article","og_title":"Fachbereichs\u00fcbung | Atemschutz - Freiwillige Feuerwehr Gratkorn - Markt","og_description":"Datum: \u00a026.03.2024 \u00dcbungszeit: \u00a018:00 &#8211; 21:30 Am 26.03.2024 fand eine \u00dcbung f\u00fcr unsere Atemschutzger\u00e4tetr\u00e4ger statt.\u00a0 T\u00e4tigkeiten:\u00a0 Erkundung durch den Atemschutztrupp Suchen und Retten von vermissten Personen in verrauchten R\u00e4umen Rauchausbreitung verhindern\u00a0 Bel\u00fcftungsma\u00dfnahmen\u00a0 Au\u00dfen\u00fcberwachung der Atemschutztrupps","og_url":"https:\/\/www.feuerwehr-gratkorn.at\/home\/uebungen-2024\/11256\/","og_site_name":"Freiwillige Feuerwehr Gratkorn - Markt","article_publisher":"https:\/\/www.facebook.com\/FeuerwehrGratkorn","article_published_time":"2024-04-01T18:17:32+00:00","article_modified_time":"2024-04-01T18:24:07+00:00","og_image":[{"width":2560,"height":1920,"url":"https:\/\/www.feuerwehr-gratkorn.at\/home\/wp-content\/uploads\/2024\/03\/IMG_7923-scaled.jpg","type":"image\/jpeg"}],"author":"Annika Cresnik","twitter_card":"summary_large_image","twitter_misc":{"Verfasst von":"Annika Cresnik","Gesch\u00e4tzte Lesezeit":"1\u00a0Minute"},"schema":{"@context":"https:\/\/schema.org","@graph":[{"@type":"Article","@id":"https:\/\/www.feuerwehr-gratkorn.at\/home\/uebungen-2024\/11256\/#article","isPartOf":{"@id":"https:\/\/www.feuerwehr-gratkorn.at\/home\/uebungen-2024\/11256\/"},"author":{"name":"Annika Cresnik","@id":"https:\/\/www.feuerwehr-gratkorn.at\/home\/#\/schema\/person\/e32d740d5e2b635405bee4eadaeea2e4"},"headline":"Fachbereichs\u00fcbung | Atemschutz","datePublished":"2024-04-01T18:17:32+00:00","dateModified":"2024-04-01T18:24:07+00:00","mainEntityOfPage":{"@id":"https:\/\/www.feuerwehr-gratkorn.at\/home\/uebungen-2024\/11256\/"},"wordCount":47,"commentCount":0,"publisher":{"@id":"https:\/\/www.feuerwehr-gratkorn.at\/home\/#organization"},"image":{"@id":"https:\/\/www.feuerwehr-gratkorn.at\/home\/uebungen-2024\/11256\/#primaryimage"},"thumbnailUrl":"https:\/\/www.feuerwehr-gratkorn.at\/home\/wp-content\/uploads\/2024\/03\/IMG_7923-scaled.jpg","articleSection":["\u00dcbungen 2024"],"inLanguage":"de","potentialAction":[{"@type":"CommentAction","name":"Comment","target":["https:\/\/www.feuerwehr-gratkorn.at\/home\/uebungen-2024\/11256\/#respond"]}]},{"@type":"WebPage","@id":"https:\/\/www.feuerwehr-gratkorn.at\/home\/uebungen-2024\/11256\/","url":"https:\/\/www.feuerwehr-gratkorn.at\/home\/uebungen-2024\/11256\/","name":"Fachbereichs\u00fcbung | Atemschutz - Freiwillige Feuerwehr Gratkorn - Markt","isPartOf":{"@id":"https:\/\/www.feuerwehr-gratkorn.at\/home\/#website"},"primaryImageOfPage":{"@id":"https:\/\/www.feuerwehr-gratkorn.at\/home\/uebungen-2024\/11256\/#primaryimage"},"image":{"@id":"https:\/\/www.feuerwehr-gratkorn.at\/home\/uebungen-2024\/11256\/#primaryimage"},"thumbnailUrl":"https:\/\/www.feuerwehr-gratkorn.at\/home\/wp-content\/uploads\/2024\/03\/IMG_7923-scaled.jpg","datePublished":"2024-04-01T18:17:32+00:00","dateModified":"2024-04-01T18:24:07+00:00","breadcrumb":{"@id":"https:\/\/www.feuerwehr-gratkorn.at\/home\/uebungen-2024\/11256\/#breadcrumb"},"inLanguage":"de","potentialAction":[{"@type":"ReadAction","target":["https:\/\/www.feuerwehr-gratkorn.at\/home\/uebungen-2024\/11256\/"]}]},{"@type":"ImageObject","inLanguage":"de","@id":"https:\/\/www.feuerwehr-gratkorn.at\/home\/uebungen-2024\/11256\/#primaryimage","url":"https:\/\/www.feuerwehr-gratkorn.at\/home\/wp-content\/uploads\/2024\/03\/IMG_7923-scaled.jpg","contentUrl":"https:\/\/www.feuerwehr-gratkorn.at\/home\/wp-content\/uploads\/2024\/03\/IMG_7923-scaled.jpg","width":2560,"height":1920},{"@type":"BreadcrumbList","@id":"https:\/\/www.feuerwehr-gratkorn.at\/home\/uebungen-2024\/11256\/#breadcrumb","itemListElement":[{"@type":"ListItem","position":1,"name":"Startseite","item":"https:\/\/www.feuerwehr-gratkorn.at\/home\/"},{"@type":"ListItem","position":2,"name":"Fachbereichs\u00fcbung | Atemschutz"}]},{"@type":"WebSite","@id":"https:\/\/www.feuerwehr-gratkorn.at\/home\/#website","url":"https:\/\/www.feuerwehr-gratkorn.at\/home\/","name":"Freiwillige Feuerwehr Gratkorn - Markt","description":"Unsere Freizeit f\u00fcr Ihre Sicherheit","publisher":{"@id":"https:\/\/www.feuerwehr-gratkorn.at\/home\/#organization"},"potentialAction":[{"@type":"SearchAction","target":{"@type":"EntryPoint","urlTemplate":"https:\/\/www.feuerwehr-gratkorn.at\/home\/?s={search_term_string}"},"query-input":{"@type":"PropertyValueSpecification","valueRequired":true,"valueName":"search_term_string"}}],"inLanguage":"de"},{"@type":"Organization","@id":"https:\/\/www.feuerwehr-gratkorn.at\/home\/#organization","name":"Freiwillige Feuerwehr Gratkorn - Markt","url":"https:\/\/www.feuerwehr-gratkorn.at\/home\/","logo":{"@type":"ImageObject","inLanguage":"de","@id":"https:\/\/www.feuerwehr-gratkorn.at\/home\/#\/schema\/logo\/image\/","url":"https:\/\/www.feuerwehr-gratkorn.at\/home\/wp-content\/uploads\/2017\/01\/feuerwehrlogo.png","contentUrl":"https:\/\/www.feuerwehr-gratkorn.at\/home\/wp-content\/uploads\/2017\/01\/feuerwehrlogo.png","width":225,"height":225,"caption":"Freiwillige Feuerwehr Gratkorn - Markt"},"image":{"@id":"https:\/\/www.feuerwehr-gratkorn.at\/home\/#\/schema\/logo\/image\/"},"sameAs":["https:\/\/www.facebook.com\/FeuerwehrGratkorn","https:\/\/www.youtube.com\/channel\/UCzJVDxEgwKg6lxZNPn3A3AQ"]},{"@type":"Person","@id":"https:\/\/www.feuerwehr-gratkorn.at\/home\/#\/schema\/person\/e32d740d5e2b635405bee4eadaeea2e4","name":"Annika Cresnik","image":{"@type":"ImageObject","inLanguage":"de","@id":"https:\/\/www.feuerwehr-gratkorn.at\/home\/#\/schema\/person\/image\/","url":"https:\/\/secure.gravatar.com\/avatar\/d625f83b92235011363d6a401f06e029e4e6c8774522cfd5478d5dbdab45a04c?s=96&d=mm&r=g","contentUrl":"https:\/\/secure.gravatar.com\/avatar\/d625f83b92235011363d6a401f06e029e4e6c8774522cfd5478d5dbdab45a04c?s=96&d=mm&r=g","caption":"Annika Cresnik"}}]}},"_links":{"self":[{"href":"https:\/\/www.feuerwehr-gratkorn.at\/home\/wp-json\/wp\/v2\/posts\/11256","targetHints":{"allow":["GET"]}}],"collection":[{"href":"https:\/\/www.feuerwehr-gratkorn.at\/home\/wp-json\/wp\/v2\/posts"}],"about":[{"href":"https:\/\/www.feuerwehr-gratkorn.at\/home\/wp-json\/wp\/v2\/types\/post"}],"author":[{"embeddable":true,"href":"https:\/\/www.feuerwehr-gratkorn.at\/home\/wp-json\/wp\/v2\/users\/12"}],"replies":[{"embeddable":true,"href":"https:\/\/www.feuerwehr-gratkorn.at\/home\/wp-json\/wp\/v2\/comments?post=11256"}],"version-history":[{"count":5,"href":"https:\/\/www.feuerwehr-gratkorn.at\/home\/wp-json\/wp\/v2\/posts\/11256\/revisions"}],"predecessor-version":[{"id":11322,"href":"https:\/\/www.feuerwehr-gratkorn.at\/home\/wp-json\/wp\/v2\/posts\/11256\/revisions\/11322"}],"wp:featuredmedia":[{"embeddable":true,"href":"https:\/\/www.feuerwehr-gratkorn.at\/home\/wp-json\/wp\/v2\/media\/11267"}],"wp:attachment":[{"href":"https:\/\/www.feuerwehr-gratkorn.at\/home\/wp-json\/wp\/v2\/media?parent=11256"}],"wp:term":[{"taxonomy":"category","embeddable":true,"href":"https:\/\/www.feuerwehr-gratkorn.at\/home\/wp-json\/wp\/v2\/categories?post=11256"},{"taxonomy":"post_tag","embeddable":true,"href":"https:\/\/www.feuerwehr-gratkorn.at\/home\/wp-json\/wp\/v2\/tags?post=11256"}],"curies":[{"name":"wp","href":"https:\/\/api.w.org\/{rel}","templated":true}]}}