{"id":11691,"date":"2024-07-08T05:15:32","date_gmt":"2024-07-08T05:15:32","guid":{"rendered":"https:\/\/www.feuerwehr-gratkorn.at\/home\/?p=11691"},"modified":"2024-07-09T09:57:49","modified_gmt":"2024-07-09T09:57:49","slug":"tryoutday-2021-2-2-3-2-2-3-2-2-2-2-2-2-2-3-2-2-2-3-3-2","status":"publish","type":"post","link":"https:\/\/www.feuerwehr-gratkorn.at\/home\/veranstaltungen-2024\/11691\/","title":{"rendered":"AVL r\u00fcstet uns f\u00fcr die Zukunft"},"content":{"rendered":"<table style=\"width: 100%; height: 69px;\">\n<tbody>\n<tr style=\"height: 46px;\">\n<td style=\"width: 15.7143%; height: 46px;\"><strong>Thema:<\/strong><\/td>\n<td style=\"width: 83.4524%; height: 46px;\">\u00dcbergabe des AVL StingrayOne<\/td>\n<\/tr>\n<tr style=\"height: 23px;\">\n<td style=\"width: 15.7143%; height: 23px;\"><strong>Datum:<\/strong><\/td>\n<td style=\"width: 83.4524%; height: 23px;\">\u00a025.06.2024<\/td>\n<\/tr>\n<\/tbody>\n<\/table>\n<p><!--more--><\/p>\n<p>In unserem Einsatzbereich liegen drei Brandmeldeanlagen des Unternehmens AVL welche durch uns betreut werden. Da sich das Unternehmen stetig weiterentwickelt und damit auch das Einsatzspektrum unserer Feuerwehr, fand am 25.06.2024 die offizielle \u00dcbergabe des Batteriel\u00f6schsyste<span style=\"color: #000000;\">m &#8222;<a style=\"color: #000000;\" href=\"https:\/\/www.avl.com\/de-at\/testing-solutions\/e-mobility-testing\/battery-testing\/avl-stingray-one\">AVL Stingray One<\/a>&#8220; statt.<\/span><\/p>\n<p>Eine Abordnung unserer Feuerwehr bekam bei dieser \u00dcbergabe eine erste Einschulung durch die Betriebsfeuerwehr auf das neue L\u00f6schger\u00e4t.<\/p>\n<p>Dieses Wissen wurde anschlie\u00dfend bei der Monats\u00fcbung am 05.07.2024 an weitere Mitglieder weitergegeben.<\/p>\n<p>Dankenswerterweise stellt uns die Firma AVL diesesL\u00f6schger\u00e4t als Dauerleihgabe zu Verf\u00fcgung. Damit sind wir zuk\u00fcnftig f\u00fcr Eins\u00e4tze mit elektrisch betriebenen Fahrzeugen ger\u00fcstet und k\u00f6nnen einen optimalen Schutz f\u00fcr die Bev\u00f6lkerung gew\u00e4hrleisten.<\/p>\n\n\t\t<style type=\"text\/css\">\n\t\t\t#gallery-1 {\n\t\t\t\tmargin: auto;\n\t\t\t}\n\t\t\t#gallery-1 .gallery-item {\n\t\t\t\tfloat: left;\n\t\t\t\tmargin-top: 10px;\n\t\t\t\ttext-align: center;\n\t\t\t\twidth: 33%;\n\t\t\t}\n\t\t\t#gallery-1 img {\n\t\t\t\tborder: 2px solid #cfcfcf;\n\t\t\t}\n\t\t\t#gallery-1 .gallery-caption {\n\t\t\t\tmargin-left: 0;\n\t\t\t}\n\t\t\t\/* see gallery_shortcode() in wp-includes\/media.php *\/\n\t\t<\/style>\n\t\t<div id='gallery-1' class='gallery galleryid-11691 gallery-columns-3 gallery-size-thumbnail'><dl class='gallery-item'>\n\t\t\t<dt class='gallery-icon landscape'>\n\t\t\t\t<a href='https:\/\/www.feuerwehr-gratkorn.at\/home\/wp-content\/uploads\/2024\/07\/IMG_4504-scaled.jpg'><img loading=\"lazy\" decoding=\"async\" width=\"150\" height=\"87\" src=\"https:\/\/www.feuerwehr-gratkorn.at\/home\/wp-content\/uploads\/2024\/07\/IMG_4504-150x87.jpg\" class=\"attachment-thumbnail size-thumbnail\" alt=\"\" aria-describedby=\"gallery-1-11792\" srcset=\"https:\/\/www.feuerwehr-gratkorn.at\/home\/wp-content\/uploads\/2024\/07\/IMG_4504-150x87.jpg 150w, https:\/\/www.feuerwehr-gratkorn.at\/home\/wp-content\/uploads\/2024\/07\/IMG_4504-300x174.jpg 300w, https:\/\/www.feuerwehr-gratkorn.at\/home\/wp-content\/uploads\/2024\/07\/IMG_4504-720x419.jpg 720w, https:\/\/www.feuerwehr-gratkorn.at\/home\/wp-content\/uploads\/2024\/07\/IMG_4504-768x446.jpg 768w, https:\/\/www.feuerwehr-gratkorn.at\/home\/wp-content\/uploads\/2024\/07\/IMG_4504-1536x893.jpg 1536w, https:\/\/www.feuerwehr-gratkorn.at\/home\/wp-content\/uploads\/2024\/07\/IMG_4504-2048x1191.jpg 2048w\" sizes=\"auto, (max-width: 150px) 100vw, 150px\" \/><\/a>\n\t\t\t<\/dt>\n\t\t\t\t<dd class='wp-caption-text gallery-caption' id='gallery-1-11792'>\n\t\t\t\tQuelle: BtF AVL List GmbH\n\t\t\t\t<\/dd><\/dl><dl class='gallery-item'>\n\t\t\t<dt class='gallery-icon portrait'>\n\t\t\t\t<a href='https:\/\/www.feuerwehr-gratkorn.at\/home\/wp-content\/uploads\/2024\/07\/IMG_4430-scaled.jpg'><img loading=\"lazy\" decoding=\"async\" width=\"126\" height=\"150\" src=\"https:\/\/www.feuerwehr-gratkorn.at\/home\/wp-content\/uploads\/2024\/07\/IMG_4430-126x150.jpg\" class=\"attachment-thumbnail size-thumbnail\" alt=\"\" aria-describedby=\"gallery-1-11791\" srcset=\"https:\/\/www.feuerwehr-gratkorn.at\/home\/wp-content\/uploads\/2024\/07\/IMG_4430-126x150.jpg 126w, https:\/\/www.feuerwehr-gratkorn.at\/home\/wp-content\/uploads\/2024\/07\/IMG_4430-252x300.jpg 252w, https:\/\/www.feuerwehr-gratkorn.at\/home\/wp-content\/uploads\/2024\/07\/IMG_4430-720x857.jpg 720w, https:\/\/www.feuerwehr-gratkorn.at\/home\/wp-content\/uploads\/2024\/07\/IMG_4430-768x914.jpg 768w, https:\/\/www.feuerwehr-gratkorn.at\/home\/wp-content\/uploads\/2024\/07\/IMG_4430-1291x1536.jpg 1291w, https:\/\/www.feuerwehr-gratkorn.at\/home\/wp-content\/uploads\/2024\/07\/IMG_4430-1721x2048.jpg 1721w\" sizes=\"auto, (max-width: 126px) 100vw, 126px\" \/><\/a>\n\t\t\t<\/dt>\n\t\t\t\t<dd class='wp-caption-text gallery-caption' id='gallery-1-11791'>\n\t\t\t\tQuelle: BtF AVL List GmbH\n\t\t\t\t<\/dd><\/dl><dl class='gallery-item'>\n\t\t\t<dt class='gallery-icon landscape'>\n\t\t\t\t<a href='https:\/\/www.feuerwehr-gratkorn.at\/home\/wp-content\/uploads\/2024\/07\/IMG_4446-scaled.jpg'><img loading=\"lazy\" decoding=\"async\" width=\"150\" height=\"100\" src=\"https:\/\/www.feuerwehr-gratkorn.at\/home\/wp-content\/uploads\/2024\/07\/IMG_4446-150x100.jpg\" class=\"attachment-thumbnail size-thumbnail\" alt=\"\" aria-describedby=\"gallery-1-11790\" srcset=\"https:\/\/www.feuerwehr-gratkorn.at\/home\/wp-content\/uploads\/2024\/07\/IMG_4446-150x100.jpg 150w, https:\/\/www.feuerwehr-gratkorn.at\/home\/wp-content\/uploads\/2024\/07\/IMG_4446-300x200.jpg 300w, https:\/\/www.feuerwehr-gratkorn.at\/home\/wp-content\/uploads\/2024\/07\/IMG_4446-720x480.jpg 720w, https:\/\/www.feuerwehr-gratkorn.at\/home\/wp-content\/uploads\/2024\/07\/IMG_4446-768x512.jpg 768w, https:\/\/www.feuerwehr-gratkorn.at\/home\/wp-content\/uploads\/2024\/07\/IMG_4446-1536x1024.jpg 1536w, https:\/\/www.feuerwehr-gratkorn.at\/home\/wp-content\/uploads\/2024\/07\/IMG_4446-2048x1365.jpg 2048w\" sizes=\"auto, (max-width: 150px) 100vw, 150px\" \/><\/a>\n\t\t\t<\/dt>\n\t\t\t\t<dd class='wp-caption-text gallery-caption' id='gallery-1-11790'>\n\t\t\t\tQuelle: BtF AVL List GmbH\n\t\t\t\t<\/dd><\/dl><br style=\"clear: both\" \/><dl class='gallery-item'>\n\t\t\t<dt class='gallery-icon landscape'>\n\t\t\t\t<a href='https:\/\/www.feuerwehr-gratkorn.at\/home\/wp-content\/uploads\/2024\/07\/IMG_5844-scaled.jpeg'><img loading=\"lazy\" decoding=\"async\" width=\"150\" height=\"113\" src=\"https:\/\/www.feuerwehr-gratkorn.at\/home\/wp-content\/uploads\/2024\/07\/IMG_5844-150x113.jpeg\" class=\"attachment-thumbnail size-thumbnail\" alt=\"\" srcset=\"https:\/\/www.feuerwehr-gratkorn.at\/home\/wp-content\/uploads\/2024\/07\/IMG_5844-150x113.jpeg 150w, https:\/\/www.feuerwehr-gratkorn.at\/home\/wp-content\/uploads\/2024\/07\/IMG_5844-300x225.jpeg 300w, https:\/\/www.feuerwehr-gratkorn.at\/home\/wp-content\/uploads\/2024\/07\/IMG_5844-720x540.jpeg 720w, https:\/\/www.feuerwehr-gratkorn.at\/home\/wp-content\/uploads\/2024\/07\/IMG_5844-768x576.jpeg 768w, https:\/\/www.feuerwehr-gratkorn.at\/home\/wp-content\/uploads\/2024\/07\/IMG_5844-1536x1152.jpeg 1536w, https:\/\/www.feuerwehr-gratkorn.at\/home\/wp-content\/uploads\/2024\/07\/IMG_5844-2048x1536.jpeg 2048w\" sizes=\"auto, (max-width: 150px) 100vw, 150px\" \/><\/a>\n\t\t\t<\/dt><\/dl><dl class='gallery-item'>\n\t\t\t<dt class='gallery-icon landscape'>\n\t\t\t\t<a href='https:\/\/www.feuerwehr-gratkorn.at\/home\/wp-content\/uploads\/2024\/07\/IMG_5846-scaled.jpeg'><img loading=\"lazy\" decoding=\"async\" width=\"150\" height=\"113\" src=\"https:\/\/www.feuerwehr-gratkorn.at\/home\/wp-content\/uploads\/2024\/07\/IMG_5846-150x113.jpeg\" class=\"attachment-thumbnail size-thumbnail\" alt=\"\" srcset=\"https:\/\/www.feuerwehr-gratkorn.at\/home\/wp-content\/uploads\/2024\/07\/IMG_5846-150x113.jpeg 150w, https:\/\/www.feuerwehr-gratkorn.at\/home\/wp-content\/uploads\/2024\/07\/IMG_5846-300x225.jpeg 300w, https:\/\/www.feuerwehr-gratkorn.at\/home\/wp-content\/uploads\/2024\/07\/IMG_5846-720x540.jpeg 720w, https:\/\/www.feuerwehr-gratkorn.at\/home\/wp-content\/uploads\/2024\/07\/IMG_5846-768x576.jpeg 768w, https:\/\/www.feuerwehr-gratkorn.at\/home\/wp-content\/uploads\/2024\/07\/IMG_5846-1536x1152.jpeg 1536w, https:\/\/www.feuerwehr-gratkorn.at\/home\/wp-content\/uploads\/2024\/07\/IMG_5846-2048x1536.jpeg 2048w\" sizes=\"auto, (max-width: 150px) 100vw, 150px\" \/><\/a>\n\t\t\t<\/dt><\/dl><dl class='gallery-item'>\n\t\t\t<dt class='gallery-icon landscape'>\n\t\t\t\t<a href='https:\/\/www.feuerwehr-gratkorn.at\/home\/wp-content\/uploads\/2024\/07\/IMG_5850-scaled.jpeg'><img loading=\"lazy\" decoding=\"async\" width=\"150\" height=\"113\" src=\"https:\/\/www.feuerwehr-gratkorn.at\/home\/wp-content\/uploads\/2024\/07\/IMG_5850-150x113.jpeg\" class=\"attachment-thumbnail size-thumbnail\" alt=\"\" srcset=\"https:\/\/www.feuerwehr-gratkorn.at\/home\/wp-content\/uploads\/2024\/07\/IMG_5850-150x113.jpeg 150w, https:\/\/www.feuerwehr-gratkorn.at\/home\/wp-content\/uploads\/2024\/07\/IMG_5850-300x225.jpeg 300w, https:\/\/www.feuerwehr-gratkorn.at\/home\/wp-content\/uploads\/2024\/07\/IMG_5850-720x540.jpeg 720w, https:\/\/www.feuerwehr-gratkorn.at\/home\/wp-content\/uploads\/2024\/07\/IMG_5850-768x576.jpeg 768w, https:\/\/www.feuerwehr-gratkorn.at\/home\/wp-content\/uploads\/2024\/07\/IMG_5850-1536x1152.jpeg 1536w, https:\/\/www.feuerwehr-gratkorn.at\/home\/wp-content\/uploads\/2024\/07\/IMG_5850-2048x1536.jpeg 2048w\" sizes=\"auto, (max-width: 150px) 100vw, 150px\" \/><\/a>\n\t\t\t<\/dt><\/dl><br style=\"clear: both\" \/><dl class='gallery-item'>\n\t\t\t<dt class='gallery-icon landscape'>\n\t\t\t\t<a href='https:\/\/www.feuerwehr-gratkorn.at\/home\/wp-content\/uploads\/2024\/07\/IMG_5852-scaled.jpeg'><img loading=\"lazy\" decoding=\"async\" width=\"150\" height=\"113\" src=\"https:\/\/www.feuerwehr-gratkorn.at\/home\/wp-content\/uploads\/2024\/07\/IMG_5852-150x113.jpeg\" class=\"attachment-thumbnail size-thumbnail\" alt=\"\" srcset=\"https:\/\/www.feuerwehr-gratkorn.at\/home\/wp-content\/uploads\/2024\/07\/IMG_5852-150x113.jpeg 150w, https:\/\/www.feuerwehr-gratkorn.at\/home\/wp-content\/uploads\/2024\/07\/IMG_5852-300x225.jpeg 300w, https:\/\/www.feuerwehr-gratkorn.at\/home\/wp-content\/uploads\/2024\/07\/IMG_5852-720x540.jpeg 720w, https:\/\/www.feuerwehr-gratkorn.at\/home\/wp-content\/uploads\/2024\/07\/IMG_5852-768x576.jpeg 768w, https:\/\/www.feuerwehr-gratkorn.at\/home\/wp-content\/uploads\/2024\/07\/IMG_5852-1536x1152.jpeg 1536w, https:\/\/www.feuerwehr-gratkorn.at\/home\/wp-content\/uploads\/2024\/07\/IMG_5852-2048x1536.jpeg 2048w\" sizes=\"auto, (max-width: 150px) 100vw, 150px\" \/><\/a>\n\t\t\t<\/dt><\/dl>\n\t\t\t<br style='clear: both' \/>\n\t\t<\/div>\n\n\n\n\n","protected":false},"excerpt":{"rendered":"<p>Thema: \u00dcbergabe des AVL StingrayOne Datum: \u00a025.06.2024<\/p>\n","protected":false},"author":1,"featured_media":11792,"comment_status":"closed","ping_status":"open","sticky":false,"template":"","format":"standard","meta":{"footnotes":""},"categories":[112],"tags":[],"class_list":["post-11691","post","type-post","status-publish","format-standard","has-post-thumbnail","hentry","category-veranstaltungen-2024"],"yoast_head":"<!-- This site is optimized with the Yoast SEO plugin v26.9 - https:\/\/yoast.com\/product\/yoast-seo-wordpress\/ -->\n<title>AVL r\u00fcstet uns f\u00fcr die Zukunft - Freiwillige Feuerwehr Gratkorn - Markt<\/title>\n<meta name=\"robots\" content=\"index, follow, max-snippet:-1, max-image-preview:large, max-video-preview:-1\" \/>\n<link rel=\"canonical\" href=\"https:\/\/www.feuerwehr-gratkorn.at\/home\/veranstaltungen-2024\/11691\/\" \/>\n<meta property=\"og:locale\" content=\"de_DE\" \/>\n<meta property=\"og:type\" content=\"article\" \/>\n<meta property=\"og:title\" content=\"AVL r\u00fcstet uns f\u00fcr die Zukunft - Freiwillige Feuerwehr Gratkorn - Markt\" \/>\n<meta property=\"og:description\" content=\"Thema: \u00dcbergabe des AVL StingrayOne Datum: \u00a025.06.2024\" \/>\n<meta property=\"og:url\" content=\"https:\/\/www.feuerwehr-gratkorn.at\/home\/veranstaltungen-2024\/11691\/\" \/>\n<meta property=\"og:site_name\" content=\"Freiwillige Feuerwehr Gratkorn - Markt\" \/>\n<meta property=\"article:publisher\" content=\"https:\/\/www.facebook.com\/FeuerwehrGratkorn\" \/>\n<meta property=\"article:published_time\" content=\"2024-07-08T05:15:32+00:00\" \/>\n<meta property=\"article:modified_time\" content=\"2024-07-09T09:57:49+00:00\" \/>\n<meta property=\"og:image\" content=\"https:\/\/www.feuerwehr-gratkorn.at\/home\/wp-content\/uploads\/2024\/07\/IMG_4504-scaled.jpg\" \/>\n\t<meta property=\"og:image:width\" content=\"2560\" \/>\n\t<meta property=\"og:image:height\" content=\"1488\" \/>\n\t<meta property=\"og:image:type\" content=\"image\/jpeg\" \/>\n<meta name=\"author\" content=\"Sitter\" \/>\n<meta name=\"twitter:card\" content=\"summary_large_image\" \/>\n<meta name=\"twitter:label1\" content=\"Verfasst von\" \/>\n\t<meta name=\"twitter:data1\" content=\"Sitter\" \/>\n\t<meta name=\"twitter:label2\" content=\"Gesch\u00e4tzte Lesezeit\" \/>\n\t<meta name=\"twitter:data2\" content=\"1\u00a0Minute\" \/>\n<script type=\"application\/ld+json\" class=\"yoast-schema-graph\">{\"@context\":\"https:\/\/schema.org\",\"@graph\":[{\"@type\":\"Article\",\"@id\":\"https:\/\/www.feuerwehr-gratkorn.at\/home\/veranstaltungen-2024\/11691\/#article\",\"isPartOf\":{\"@id\":\"https:\/\/www.feuerwehr-gratkorn.at\/home\/veranstaltungen-2024\/11691\/\"},\"author\":{\"name\":\"Sitter\",\"@id\":\"https:\/\/www.feuerwehr-gratkorn.at\/home\/#\/schema\/person\/e2948a8721aed35576574a25261cea52\"},\"headline\":\"AVL r\u00fcstet uns f\u00fcr die Zukunft\",\"datePublished\":\"2024-07-08T05:15:32+00:00\",\"dateModified\":\"2024-07-09T09:57:49+00:00\",\"mainEntityOfPage\":{\"@id\":\"https:\/\/www.feuerwehr-gratkorn.at\/home\/veranstaltungen-2024\/11691\/\"},\"wordCount\":133,\"publisher\":{\"@id\":\"https:\/\/www.feuerwehr-gratkorn.at\/home\/#organization\"},\"image\":{\"@id\":\"https:\/\/www.feuerwehr-gratkorn.at\/home\/veranstaltungen-2024\/11691\/#primaryimage\"},\"thumbnailUrl\":\"https:\/\/www.feuerwehr-gratkorn.at\/home\/wp-content\/uploads\/2024\/07\/IMG_4504-scaled.jpg\",\"articleSection\":[\"Veranstaltungen 2024\"],\"inLanguage\":\"de\"},{\"@type\":\"WebPage\",\"@id\":\"https:\/\/www.feuerwehr-gratkorn.at\/home\/veranstaltungen-2024\/11691\/\",\"url\":\"https:\/\/www.feuerwehr-gratkorn.at\/home\/veranstaltungen-2024\/11691\/\",\"name\":\"AVL r\u00fcstet uns f\u00fcr die Zukunft - Freiwillige Feuerwehr Gratkorn - Markt\",\"isPartOf\":{\"@id\":\"https:\/\/www.feuerwehr-gratkorn.at\/home\/#website\"},\"primaryImageOfPage\":{\"@id\":\"https:\/\/www.feuerwehr-gratkorn.at\/home\/veranstaltungen-2024\/11691\/#primaryimage\"},\"image\":{\"@id\":\"https:\/\/www.feuerwehr-gratkorn.at\/home\/veranstaltungen-2024\/11691\/#primaryimage\"},\"thumbnailUrl\":\"https:\/\/www.feuerwehr-gratkorn.at\/home\/wp-content\/uploads\/2024\/07\/IMG_4504-scaled.jpg\",\"datePublished\":\"2024-07-08T05:15:32+00:00\",\"dateModified\":\"2024-07-09T09:57:49+00:00\",\"breadcrumb\":{\"@id\":\"https:\/\/www.feuerwehr-gratkorn.at\/home\/veranstaltungen-2024\/11691\/#breadcrumb\"},\"inLanguage\":\"de\",\"potentialAction\":[{\"@type\":\"ReadAction\",\"target\":[\"https:\/\/www.feuerwehr-gratkorn.at\/home\/veranstaltungen-2024\/11691\/\"]}]},{\"@type\":\"ImageObject\",\"inLanguage\":\"de\",\"@id\":\"https:\/\/www.feuerwehr-gratkorn.at\/home\/veranstaltungen-2024\/11691\/#primaryimage\",\"url\":\"https:\/\/www.feuerwehr-gratkorn.at\/home\/wp-content\/uploads\/2024\/07\/IMG_4504-scaled.jpg\",\"contentUrl\":\"https:\/\/www.feuerwehr-gratkorn.at\/home\/wp-content\/uploads\/2024\/07\/IMG_4504-scaled.jpg\",\"width\":2560,\"height\":1488,\"caption\":\"Quelle: BtF AVL List GmbH\"},{\"@type\":\"BreadcrumbList\",\"@id\":\"https:\/\/www.feuerwehr-gratkorn.at\/home\/veranstaltungen-2024\/11691\/#breadcrumb\",\"itemListElement\":[{\"@type\":\"ListItem\",\"position\":1,\"name\":\"Startseite\",\"item\":\"https:\/\/www.feuerwehr-gratkorn.at\/home\/\"},{\"@type\":\"ListItem\",\"position\":2,\"name\":\"AVL r\u00fcstet uns f\u00fcr die Zukunft\"}]},{\"@type\":\"WebSite\",\"@id\":\"https:\/\/www.feuerwehr-gratkorn.at\/home\/#website\",\"url\":\"https:\/\/www.feuerwehr-gratkorn.at\/home\/\",\"name\":\"Freiwillige Feuerwehr Gratkorn - Markt\",\"description\":\"Unsere Freizeit f\u00fcr Ihre Sicherheit\",\"publisher\":{\"@id\":\"https:\/\/www.feuerwehr-gratkorn.at\/home\/#organization\"},\"potentialAction\":[{\"@type\":\"SearchAction\",\"target\":{\"@type\":\"EntryPoint\",\"urlTemplate\":\"https:\/\/www.feuerwehr-gratkorn.at\/home\/?s={search_term_string}\"},\"query-input\":{\"@type\":\"PropertyValueSpecification\",\"valueRequired\":true,\"valueName\":\"search_term_string\"}}],\"inLanguage\":\"de\"},{\"@type\":\"Organization\",\"@id\":\"https:\/\/www.feuerwehr-gratkorn.at\/home\/#organization\",\"name\":\"Freiwillige Feuerwehr Gratkorn - Markt\",\"url\":\"https:\/\/www.feuerwehr-gratkorn.at\/home\/\",\"logo\":{\"@type\":\"ImageObject\",\"inLanguage\":\"de\",\"@id\":\"https:\/\/www.feuerwehr-gratkorn.at\/home\/#\/schema\/logo\/image\/\",\"url\":\"https:\/\/www.feuerwehr-gratkorn.at\/home\/wp-content\/uploads\/2017\/01\/feuerwehrlogo.png\",\"contentUrl\":\"https:\/\/www.feuerwehr-gratkorn.at\/home\/wp-content\/uploads\/2017\/01\/feuerwehrlogo.png\",\"width\":225,\"height\":225,\"caption\":\"Freiwillige Feuerwehr Gratkorn - Markt\"},\"image\":{\"@id\":\"https:\/\/www.feuerwehr-gratkorn.at\/home\/#\/schema\/logo\/image\/\"},\"sameAs\":[\"https:\/\/www.facebook.com\/FeuerwehrGratkorn\",\"https:\/\/www.youtube.com\/channel\/UCzJVDxEgwKg6lxZNPn3A3AQ\"]},{\"@type\":\"Person\",\"@id\":\"https:\/\/www.feuerwehr-gratkorn.at\/home\/#\/schema\/person\/e2948a8721aed35576574a25261cea52\",\"name\":\"Sitter\",\"image\":{\"@type\":\"ImageObject\",\"inLanguage\":\"de\",\"@id\":\"https:\/\/www.feuerwehr-gratkorn.at\/home\/#\/schema\/person\/image\/\",\"url\":\"https:\/\/secure.gravatar.com\/avatar\/6206cc4ac4faf690e3c998c5812830b160a99ad27fa85c8018e680872854e9de?s=96&d=mm&r=g\",\"contentUrl\":\"https:\/\/secure.gravatar.com\/avatar\/6206cc4ac4faf690e3c998c5812830b160a99ad27fa85c8018e680872854e9de?s=96&d=mm&r=g\",\"caption\":\"Sitter\"}}]}<\/script>\n<!-- \/ Yoast SEO plugin. -->","yoast_head_json":{"title":"AVL r\u00fcstet uns f\u00fcr die Zukunft - Freiwillige Feuerwehr Gratkorn - Markt","robots":{"index":"index","follow":"follow","max-snippet":"max-snippet:-1","max-image-preview":"max-image-preview:large","max-video-preview":"max-video-preview:-1"},"canonical":"https:\/\/www.feuerwehr-gratkorn.at\/home\/veranstaltungen-2024\/11691\/","og_locale":"de_DE","og_type":"article","og_title":"AVL r\u00fcstet uns f\u00fcr die Zukunft - Freiwillige Feuerwehr Gratkorn - Markt","og_description":"Thema: \u00dcbergabe des AVL StingrayOne Datum: \u00a025.06.2024","og_url":"https:\/\/www.feuerwehr-gratkorn.at\/home\/veranstaltungen-2024\/11691\/","og_site_name":"Freiwillige Feuerwehr Gratkorn - Markt","article_publisher":"https:\/\/www.facebook.com\/FeuerwehrGratkorn","article_published_time":"2024-07-08T05:15:32+00:00","article_modified_time":"2024-07-09T09:57:49+00:00","og_image":[{"width":2560,"height":1488,"url":"https:\/\/www.feuerwehr-gratkorn.at\/home\/wp-content\/uploads\/2024\/07\/IMG_4504-scaled.jpg","type":"image\/jpeg"}],"author":"Sitter","twitter_card":"summary_large_image","twitter_misc":{"Verfasst von":"Sitter","Gesch\u00e4tzte Lesezeit":"1\u00a0Minute"},"schema":{"@context":"https:\/\/schema.org","@graph":[{"@type":"Article","@id":"https:\/\/www.feuerwehr-gratkorn.at\/home\/veranstaltungen-2024\/11691\/#article","isPartOf":{"@id":"https:\/\/www.feuerwehr-gratkorn.at\/home\/veranstaltungen-2024\/11691\/"},"author":{"name":"Sitter","@id":"https:\/\/www.feuerwehr-gratkorn.at\/home\/#\/schema\/person\/e2948a8721aed35576574a25261cea52"},"headline":"AVL r\u00fcstet uns f\u00fcr die Zukunft","datePublished":"2024-07-08T05:15:32+00:00","dateModified":"2024-07-09T09:57:49+00:00","mainEntityOfPage":{"@id":"https:\/\/www.feuerwehr-gratkorn.at\/home\/veranstaltungen-2024\/11691\/"},"wordCount":133,"publisher":{"@id":"https:\/\/www.feuerwehr-gratkorn.at\/home\/#organization"},"image":{"@id":"https:\/\/www.feuerwehr-gratkorn.at\/home\/veranstaltungen-2024\/11691\/#primaryimage"},"thumbnailUrl":"https:\/\/www.feuerwehr-gratkorn.at\/home\/wp-content\/uploads\/2024\/07\/IMG_4504-scaled.jpg","articleSection":["Veranstaltungen 2024"],"inLanguage":"de"},{"@type":"WebPage","@id":"https:\/\/www.feuerwehr-gratkorn.at\/home\/veranstaltungen-2024\/11691\/","url":"https:\/\/www.feuerwehr-gratkorn.at\/home\/veranstaltungen-2024\/11691\/","name":"AVL r\u00fcstet uns f\u00fcr die Zukunft - Freiwillige Feuerwehr Gratkorn - Markt","isPartOf":{"@id":"https:\/\/www.feuerwehr-gratkorn.at\/home\/#website"},"primaryImageOfPage":{"@id":"https:\/\/www.feuerwehr-gratkorn.at\/home\/veranstaltungen-2024\/11691\/#primaryimage"},"image":{"@id":"https:\/\/www.feuerwehr-gratkorn.at\/home\/veranstaltungen-2024\/11691\/#primaryimage"},"thumbnailUrl":"https:\/\/www.feuerwehr-gratkorn.at\/home\/wp-content\/uploads\/2024\/07\/IMG_4504-scaled.jpg","datePublished":"2024-07-08T05:15:32+00:00","dateModified":"2024-07-09T09:57:49+00:00","breadcrumb":{"@id":"https:\/\/www.feuerwehr-gratkorn.at\/home\/veranstaltungen-2024\/11691\/#breadcrumb"},"inLanguage":"de","potentialAction":[{"@type":"ReadAction","target":["https:\/\/www.feuerwehr-gratkorn.at\/home\/veranstaltungen-2024\/11691\/"]}]},{"@type":"ImageObject","inLanguage":"de","@id":"https:\/\/www.feuerwehr-gratkorn.at\/home\/veranstaltungen-2024\/11691\/#primaryimage","url":"https:\/\/www.feuerwehr-gratkorn.at\/home\/wp-content\/uploads\/2024\/07\/IMG_4504-scaled.jpg","contentUrl":"https:\/\/www.feuerwehr-gratkorn.at\/home\/wp-content\/uploads\/2024\/07\/IMG_4504-scaled.jpg","width":2560,"height":1488,"caption":"Quelle: BtF AVL List GmbH"},{"@type":"BreadcrumbList","@id":"https:\/\/www.feuerwehr-gratkorn.at\/home\/veranstaltungen-2024\/11691\/#breadcrumb","itemListElement":[{"@type":"ListItem","position":1,"name":"Startseite","item":"https:\/\/www.feuerwehr-gratkorn.at\/home\/"},{"@type":"ListItem","position":2,"name":"AVL r\u00fcstet uns f\u00fcr die Zukunft"}]},{"@type":"WebSite","@id":"https:\/\/www.feuerwehr-gratkorn.at\/home\/#website","url":"https:\/\/www.feuerwehr-gratkorn.at\/home\/","name":"Freiwillige Feuerwehr Gratkorn - Markt","description":"Unsere Freizeit f\u00fcr Ihre Sicherheit","publisher":{"@id":"https:\/\/www.feuerwehr-gratkorn.at\/home\/#organization"},"potentialAction":[{"@type":"SearchAction","target":{"@type":"EntryPoint","urlTemplate":"https:\/\/www.feuerwehr-gratkorn.at\/home\/?s={search_term_string}"},"query-input":{"@type":"PropertyValueSpecification","valueRequired":true,"valueName":"search_term_string"}}],"inLanguage":"de"},{"@type":"Organization","@id":"https:\/\/www.feuerwehr-gratkorn.at\/home\/#organization","name":"Freiwillige Feuerwehr Gratkorn - Markt","url":"https:\/\/www.feuerwehr-gratkorn.at\/home\/","logo":{"@type":"ImageObject","inLanguage":"de","@id":"https:\/\/www.feuerwehr-gratkorn.at\/home\/#\/schema\/logo\/image\/","url":"https:\/\/www.feuerwehr-gratkorn.at\/home\/wp-content\/uploads\/2017\/01\/feuerwehrlogo.png","contentUrl":"https:\/\/www.feuerwehr-gratkorn.at\/home\/wp-content\/uploads\/2017\/01\/feuerwehrlogo.png","width":225,"height":225,"caption":"Freiwillige Feuerwehr Gratkorn - Markt"},"image":{"@id":"https:\/\/www.feuerwehr-gratkorn.at\/home\/#\/schema\/logo\/image\/"},"sameAs":["https:\/\/www.facebook.com\/FeuerwehrGratkorn","https:\/\/www.youtube.com\/channel\/UCzJVDxEgwKg6lxZNPn3A3AQ"]},{"@type":"Person","@id":"https:\/\/www.feuerwehr-gratkorn.at\/home\/#\/schema\/person\/e2948a8721aed35576574a25261cea52","name":"Sitter","image":{"@type":"ImageObject","inLanguage":"de","@id":"https:\/\/www.feuerwehr-gratkorn.at\/home\/#\/schema\/person\/image\/","url":"https:\/\/secure.gravatar.com\/avatar\/6206cc4ac4faf690e3c998c5812830b160a99ad27fa85c8018e680872854e9de?s=96&d=mm&r=g","contentUrl":"https:\/\/secure.gravatar.com\/avatar\/6206cc4ac4faf690e3c998c5812830b160a99ad27fa85c8018e680872854e9de?s=96&d=mm&r=g","caption":"Sitter"}}]}},"_links":{"self":[{"href":"https:\/\/www.feuerwehr-gratkorn.at\/home\/wp-json\/wp\/v2\/posts\/11691","targetHints":{"allow":["GET"]}}],"collection":[{"href":"https:\/\/www.feuerwehr-gratkorn.at\/home\/wp-json\/wp\/v2\/posts"}],"about":[{"href":"https:\/\/www.feuerwehr-gratkorn.at\/home\/wp-json\/wp\/v2\/types\/post"}],"author":[{"embeddable":true,"href":"https:\/\/www.feuerwehr-gratkorn.at\/home\/wp-json\/wp\/v2\/users\/1"}],"replies":[{"embeddable":true,"href":"https:\/\/www.feuerwehr-gratkorn.at\/home\/wp-json\/wp\/v2\/comments?post=11691"}],"version-history":[{"count":8,"href":"https:\/\/www.feuerwehr-gratkorn.at\/home\/wp-json\/wp\/v2\/posts\/11691\/revisions"}],"predecessor-version":[{"id":11793,"href":"https:\/\/www.feuerwehr-gratkorn.at\/home\/wp-json\/wp\/v2\/posts\/11691\/revisions\/11793"}],"wp:featuredmedia":[{"embeddable":true,"href":"https:\/\/www.feuerwehr-gratkorn.at\/home\/wp-json\/wp\/v2\/media\/11792"}],"wp:attachment":[{"href":"https:\/\/www.feuerwehr-gratkorn.at\/home\/wp-json\/wp\/v2\/media?parent=11691"}],"wp:term":[{"taxonomy":"category","embeddable":true,"href":"https:\/\/www.feuerwehr-gratkorn.at\/home\/wp-json\/wp\/v2\/categories?post=11691"},{"taxonomy":"post_tag","embeddable":true,"href":"https:\/\/www.feuerwehr-gratkorn.at\/home\/wp-json\/wp\/v2\/tags?post=11691"}],"curies":[{"name":"wp","href":"https:\/\/api.w.org\/{rel}","templated":true}]}}