{"id":11750,"date":"2024-07-07T18:53:47","date_gmt":"2024-07-07T18:53:47","guid":{"rendered":"https:\/\/www.feuerwehr-gratkorn.at\/home\/?p=11750"},"modified":"2024-07-07T19:13:42","modified_gmt":"2024-07-07T19:13:42","slug":"b08-fahrzeugbrand-a9-2-2-2-2-2-2-2-2-3-2-2-2-2-2-3-2-2-2-2-2-2-2-2-3-2-2-2-2-2-2-2-2-2-3-2-2-2-2-2-2-2-2-2-2-2-2-2-2-3-2-2-2-3-2-2-2-2-2-3-3-3-4-2-4-2-3-2-3-2-2-2-2-2-2-3-2-2-2","status":"publish","type":"post","link":"https:\/\/www.feuerwehr-gratkorn.at\/home\/uebungen-2024\/11750\/","title":{"rendered":"Monats\u00fcbung | Schadstoffeinsatz"},"content":{"rendered":"\n\n<table style=\"width: 90.312%; margin-left: 30px; height: 43px;\">\n<tbody>\n<tr style=\"height: 33px;\">\n<td style=\"width: 37.3355%; height: 10px;\"><em><strong>Datum:<\/strong><\/em><\/td>\n<td style=\"width: 62.5%; height: 10px;\">\u00a005.07.2024<\/td>\n<\/tr>\n<tr style=\"height: 33px;\">\n<td style=\"width: 37.3355%; height: 33px;\"><em><strong>\u00dcbungszeit:<\/strong><\/em><\/td>\n<td style=\"width: 62.5%; height: 33px;\">\u00a018:00 &#8211; 22:00<\/td>\n<\/tr>\n<\/tbody>\n<\/table>\n<p>Am 05.07.2024 konnten wir im Rahmen unserer Monats\u00fcbung einen Schadstoffeinsatz be\u00fcben.<\/p>\n<p>Hierbei wurde zu Beginn der \u00dcbung nochmal der taktische Vorgang eines solchen Einsatzes theoretisch besprochen und anschlie\u00dfend be\u00fcbt.\u00a0<\/p>\n<p>Beim \u00dcbungsszenario handelte es sich um einen Schadstoffaustritt in einer Werkstatt, wobei eine Person aus dem Gefahrenbereich gerettet werden musste.\u00a0<\/p>\n<p><!--more--><\/p>\n<div class=\"cxmmr5t8 oygrvhab hcukyx3x c1et5uql o9v6fnle ii04i59q\">\n<div dir=\"auto\">\n<div class=\"cxmmr5t8 oygrvhab hcukyx3x c1et5uql o9v6fnle ii04i59q\">\n<div dir=\"auto\">\u00a0<\/div>\n<\/div>\n<\/div>\n<\/div>\n<div dir=\"auto\">\u00a0<\/div>\n<div class=\"cxmmr5t8 oygrvhab hcukyx3x c1et5uql o9v6fnle ii04i59q\">\n<div dir=\"auto\">\n\n\t\t<style type=\"text\/css\">\n\t\t\t#gallery-1 {\n\t\t\t\tmargin: auto;\n\t\t\t}\n\t\t\t#gallery-1 .gallery-item {\n\t\t\t\tfloat: left;\n\t\t\t\tmargin-top: 10px;\n\t\t\t\ttext-align: center;\n\t\t\t\twidth: 33%;\n\t\t\t}\n\t\t\t#gallery-1 img {\n\t\t\t\tborder: 2px solid #cfcfcf;\n\t\t\t}\n\t\t\t#gallery-1 .gallery-caption {\n\t\t\t\tmargin-left: 0;\n\t\t\t}\n\t\t\t\/* see gallery_shortcode() in wp-includes\/media.php *\/\n\t\t<\/style>\n\t\t<div id='gallery-1' class='gallery galleryid-11750 gallery-columns-3 gallery-size-thumbnail'><dl class='gallery-item'>\n\t\t\t<dt class='gallery-icon portrait'>\n\t\t\t\t<a href='https:\/\/www.feuerwehr-gratkorn.at\/home\/wp-content\/uploads\/2024\/07\/ee8efd2c-dea7-4dd2-bc4b-3b47496d75b8.jpeg'><img loading=\"lazy\" decoding=\"async\" width=\"113\" height=\"150\" src=\"https:\/\/www.feuerwehr-gratkorn.at\/home\/wp-content\/uploads\/2024\/07\/ee8efd2c-dea7-4dd2-bc4b-3b47496d75b8-113x150.jpeg\" class=\"attachment-thumbnail size-thumbnail\" alt=\"\" srcset=\"https:\/\/www.feuerwehr-gratkorn.at\/home\/wp-content\/uploads\/2024\/07\/ee8efd2c-dea7-4dd2-bc4b-3b47496d75b8-113x150.jpeg 113w, https:\/\/www.feuerwehr-gratkorn.at\/home\/wp-content\/uploads\/2024\/07\/ee8efd2c-dea7-4dd2-bc4b-3b47496d75b8-225x300.jpeg 225w, https:\/\/www.feuerwehr-gratkorn.at\/home\/wp-content\/uploads\/2024\/07\/ee8efd2c-dea7-4dd2-bc4b-3b47496d75b8-720x960.jpeg 720w, https:\/\/www.feuerwehr-gratkorn.at\/home\/wp-content\/uploads\/2024\/07\/ee8efd2c-dea7-4dd2-bc4b-3b47496d75b8-768x1024.jpeg 768w, https:\/\/www.feuerwehr-gratkorn.at\/home\/wp-content\/uploads\/2024\/07\/ee8efd2c-dea7-4dd2-bc4b-3b47496d75b8-1152x1536.jpeg 1152w, https:\/\/www.feuerwehr-gratkorn.at\/home\/wp-content\/uploads\/2024\/07\/ee8efd2c-dea7-4dd2-bc4b-3b47496d75b8.jpeg 1536w\" sizes=\"auto, (max-width: 113px) 100vw, 113px\" \/><\/a>\n\t\t\t<\/dt><\/dl><dl class='gallery-item'>\n\t\t\t<dt class='gallery-icon portrait'>\n\t\t\t\t<a href='https:\/\/www.feuerwehr-gratkorn.at\/home\/wp-content\/uploads\/2024\/07\/71b12391-15aa-4aa7-a7d8-12395eb9c05f.jpeg'><img loading=\"lazy\" decoding=\"async\" width=\"113\" height=\"150\" src=\"https:\/\/www.feuerwehr-gratkorn.at\/home\/wp-content\/uploads\/2024\/07\/71b12391-15aa-4aa7-a7d8-12395eb9c05f-113x150.jpeg\" class=\"attachment-thumbnail size-thumbnail\" alt=\"\" srcset=\"https:\/\/www.feuerwehr-gratkorn.at\/home\/wp-content\/uploads\/2024\/07\/71b12391-15aa-4aa7-a7d8-12395eb9c05f-113x150.jpeg 113w, https:\/\/www.feuerwehr-gratkorn.at\/home\/wp-content\/uploads\/2024\/07\/71b12391-15aa-4aa7-a7d8-12395eb9c05f-225x300.jpeg 225w, https:\/\/www.feuerwehr-gratkorn.at\/home\/wp-content\/uploads\/2024\/07\/71b12391-15aa-4aa7-a7d8-12395eb9c05f-720x960.jpeg 720w, https:\/\/www.feuerwehr-gratkorn.at\/home\/wp-content\/uploads\/2024\/07\/71b12391-15aa-4aa7-a7d8-12395eb9c05f-768x1024.jpeg 768w, https:\/\/www.feuerwehr-gratkorn.at\/home\/wp-content\/uploads\/2024\/07\/71b12391-15aa-4aa7-a7d8-12395eb9c05f-1152x1536.jpeg 1152w, https:\/\/www.feuerwehr-gratkorn.at\/home\/wp-content\/uploads\/2024\/07\/71b12391-15aa-4aa7-a7d8-12395eb9c05f.jpeg 1536w\" sizes=\"auto, (max-width: 113px) 100vw, 113px\" \/><\/a>\n\t\t\t<\/dt><\/dl><dl class='gallery-item'>\n\t\t\t<dt class='gallery-icon landscape'>\n\t\t\t\t<a href='https:\/\/www.feuerwehr-gratkorn.at\/home\/wp-content\/uploads\/2024\/07\/93e1f295-d4dc-407f-803e-8a36e17d166a.jpeg'><img loading=\"lazy\" decoding=\"async\" width=\"150\" height=\"113\" src=\"https:\/\/www.feuerwehr-gratkorn.at\/home\/wp-content\/uploads\/2024\/07\/93e1f295-d4dc-407f-803e-8a36e17d166a-150x113.jpeg\" class=\"attachment-thumbnail size-thumbnail\" alt=\"\" srcset=\"https:\/\/www.feuerwehr-gratkorn.at\/home\/wp-content\/uploads\/2024\/07\/93e1f295-d4dc-407f-803e-8a36e17d166a-150x113.jpeg 150w, https:\/\/www.feuerwehr-gratkorn.at\/home\/wp-content\/uploads\/2024\/07\/93e1f295-d4dc-407f-803e-8a36e17d166a-300x225.jpeg 300w, https:\/\/www.feuerwehr-gratkorn.at\/home\/wp-content\/uploads\/2024\/07\/93e1f295-d4dc-407f-803e-8a36e17d166a-720x540.jpeg 720w, https:\/\/www.feuerwehr-gratkorn.at\/home\/wp-content\/uploads\/2024\/07\/93e1f295-d4dc-407f-803e-8a36e17d166a-768x576.jpeg 768w, https:\/\/www.feuerwehr-gratkorn.at\/home\/wp-content\/uploads\/2024\/07\/93e1f295-d4dc-407f-803e-8a36e17d166a-1536x1152.jpeg 1536w, https:\/\/www.feuerwehr-gratkorn.at\/home\/wp-content\/uploads\/2024\/07\/93e1f295-d4dc-407f-803e-8a36e17d166a.jpeg 2048w\" sizes=\"auto, (max-width: 150px) 100vw, 150px\" \/><\/a>\n\t\t\t<\/dt><\/dl><br style=\"clear: both\" \/><dl class='gallery-item'>\n\t\t\t<dt class='gallery-icon landscape'>\n\t\t\t\t<a href='https:\/\/www.feuerwehr-gratkorn.at\/home\/wp-content\/uploads\/2024\/07\/11c29f55-c514-4c68-94d5-4c877f8ba5cc.jpeg'><img loading=\"lazy\" decoding=\"async\" width=\"150\" height=\"113\" src=\"https:\/\/www.feuerwehr-gratkorn.at\/home\/wp-content\/uploads\/2024\/07\/11c29f55-c514-4c68-94d5-4c877f8ba5cc-150x113.jpeg\" class=\"attachment-thumbnail size-thumbnail\" alt=\"\" srcset=\"https:\/\/www.feuerwehr-gratkorn.at\/home\/wp-content\/uploads\/2024\/07\/11c29f55-c514-4c68-94d5-4c877f8ba5cc-150x113.jpeg 150w, https:\/\/www.feuerwehr-gratkorn.at\/home\/wp-content\/uploads\/2024\/07\/11c29f55-c514-4c68-94d5-4c877f8ba5cc-300x225.jpeg 300w, https:\/\/www.feuerwehr-gratkorn.at\/home\/wp-content\/uploads\/2024\/07\/11c29f55-c514-4c68-94d5-4c877f8ba5cc-720x540.jpeg 720w, https:\/\/www.feuerwehr-gratkorn.at\/home\/wp-content\/uploads\/2024\/07\/11c29f55-c514-4c68-94d5-4c877f8ba5cc-768x576.jpeg 768w, https:\/\/www.feuerwehr-gratkorn.at\/home\/wp-content\/uploads\/2024\/07\/11c29f55-c514-4c68-94d5-4c877f8ba5cc-1536x1152.jpeg 1536w, https:\/\/www.feuerwehr-gratkorn.at\/home\/wp-content\/uploads\/2024\/07\/11c29f55-c514-4c68-94d5-4c877f8ba5cc.jpeg 2048w\" sizes=\"auto, (max-width: 150px) 100vw, 150px\" \/><\/a>\n\t\t\t<\/dt><\/dl>\n\t\t\t<br style='clear: both' \/>\n\t\t<\/div>\n\n<\/div>\n<\/div>\n<div dir=\"auto\">\u00a0<\/div>","protected":false},"excerpt":{"rendered":"<p>Datum: \u00a005.07.2024 \u00dcbungszeit: \u00a018:00 &#8211; 22:00 Am 05.07.2024 konnten wir im Rahmen unserer Monats\u00fcbung einen Schadstoffeinsatz be\u00fcben. Hierbei wurde zu Beginn der \u00dcbung nochmal der taktische Vorgang eines solchen Einsatzes theoretisch besprochen und anschlie\u00dfend be\u00fcbt.\u00a0 Beim \u00dcbungsszenario handelte es sich um einen Schadstoffaustritt in einer Werkstatt, wobei eine Person aus dem Gefahrenbereich gerettet werden musste.\u00a0<\/p>\n","protected":false},"author":12,"featured_media":11756,"comment_status":"open","ping_status":"open","sticky":false,"template":"","format":"standard","meta":{"footnotes":""},"categories":[111],"tags":[],"class_list":["post-11750","post","type-post","status-publish","format-standard","has-post-thumbnail","hentry","category-uebungen-2024"],"yoast_head":"<!-- This site is optimized with the Yoast SEO plugin v26.9 - https:\/\/yoast.com\/product\/yoast-seo-wordpress\/ -->\n<title>Monats\u00fcbung | Schadstoffeinsatz - Freiwillige Feuerwehr Gratkorn - Markt<\/title>\n<meta name=\"robots\" content=\"index, follow, max-snippet:-1, max-image-preview:large, max-video-preview:-1\" \/>\n<link rel=\"canonical\" href=\"https:\/\/www.feuerwehr-gratkorn.at\/home\/uebungen-2024\/11750\/\" \/>\n<meta property=\"og:locale\" content=\"de_DE\" \/>\n<meta property=\"og:type\" content=\"article\" \/>\n<meta property=\"og:title\" content=\"Monats\u00fcbung | Schadstoffeinsatz - Freiwillige Feuerwehr Gratkorn - Markt\" \/>\n<meta property=\"og:description\" content=\"Datum: \u00a005.07.2024 \u00dcbungszeit: \u00a018:00 &#8211; 22:00 Am 05.07.2024 konnten wir im Rahmen unserer Monats\u00fcbung einen Schadstoffeinsatz be\u00fcben. Hierbei wurde zu Beginn der \u00dcbung nochmal der taktische Vorgang eines solchen Einsatzes theoretisch besprochen und anschlie\u00dfend be\u00fcbt.\u00a0 Beim \u00dcbungsszenario handelte es sich um einen Schadstoffaustritt in einer Werkstatt, wobei eine Person aus dem Gefahrenbereich gerettet werden musste.\u00a0\" \/>\n<meta property=\"og:url\" content=\"https:\/\/www.feuerwehr-gratkorn.at\/home\/uebungen-2024\/11750\/\" \/>\n<meta property=\"og:site_name\" content=\"Freiwillige Feuerwehr Gratkorn - Markt\" \/>\n<meta property=\"article:publisher\" content=\"https:\/\/www.facebook.com\/FeuerwehrGratkorn\" \/>\n<meta property=\"article:published_time\" content=\"2024-07-07T18:53:47+00:00\" \/>\n<meta property=\"article:modified_time\" content=\"2024-07-07T19:13:42+00:00\" \/>\n<meta property=\"og:image\" content=\"https:\/\/www.feuerwehr-gratkorn.at\/home\/wp-content\/uploads\/2024\/07\/ee8efd2c-dea7-4dd2-bc4b-3b47496d75b8.jpeg\" \/>\n\t<meta property=\"og:image:width\" content=\"1536\" \/>\n\t<meta property=\"og:image:height\" content=\"2048\" \/>\n\t<meta property=\"og:image:type\" content=\"image\/jpeg\" \/>\n<meta name=\"author\" content=\"Annika Cresnik\" \/>\n<meta name=\"twitter:card\" content=\"summary_large_image\" \/>\n<meta name=\"twitter:label1\" content=\"Verfasst von\" \/>\n\t<meta name=\"twitter:data1\" content=\"Annika Cresnik\" \/>\n\t<meta name=\"twitter:label2\" content=\"Gesch\u00e4tzte Lesezeit\" \/>\n\t<meta name=\"twitter:data2\" content=\"1\u00a0Minute\" \/>\n<script type=\"application\/ld+json\" class=\"yoast-schema-graph\">{\"@context\":\"https:\/\/schema.org\",\"@graph\":[{\"@type\":\"Article\",\"@id\":\"https:\/\/www.feuerwehr-gratkorn.at\/home\/uebungen-2024\/11750\/#article\",\"isPartOf\":{\"@id\":\"https:\/\/www.feuerwehr-gratkorn.at\/home\/uebungen-2024\/11750\/\"},\"author\":{\"name\":\"Annika Cresnik\",\"@id\":\"https:\/\/www.feuerwehr-gratkorn.at\/home\/#\/schema\/person\/e32d740d5e2b635405bee4eadaeea2e4\"},\"headline\":\"Monats\u00fcbung | Schadstoffeinsatz\",\"datePublished\":\"2024-07-07T18:53:47+00:00\",\"dateModified\":\"2024-07-07T19:13:42+00:00\",\"mainEntityOfPage\":{\"@id\":\"https:\/\/www.feuerwehr-gratkorn.at\/home\/uebungen-2024\/11750\/\"},\"wordCount\":62,\"commentCount\":0,\"publisher\":{\"@id\":\"https:\/\/www.feuerwehr-gratkorn.at\/home\/#organization\"},\"image\":{\"@id\":\"https:\/\/www.feuerwehr-gratkorn.at\/home\/uebungen-2024\/11750\/#primaryimage\"},\"thumbnailUrl\":\"https:\/\/www.feuerwehr-gratkorn.at\/home\/wp-content\/uploads\/2024\/07\/ee8efd2c-dea7-4dd2-bc4b-3b47496d75b8.jpeg\",\"articleSection\":[\"\u00dcbungen 2024\"],\"inLanguage\":\"de\",\"potentialAction\":[{\"@type\":\"CommentAction\",\"name\":\"Comment\",\"target\":[\"https:\/\/www.feuerwehr-gratkorn.at\/home\/uebungen-2024\/11750\/#respond\"]}]},{\"@type\":\"WebPage\",\"@id\":\"https:\/\/www.feuerwehr-gratkorn.at\/home\/uebungen-2024\/11750\/\",\"url\":\"https:\/\/www.feuerwehr-gratkorn.at\/home\/uebungen-2024\/11750\/\",\"name\":\"Monats\u00fcbung | Schadstoffeinsatz - Freiwillige Feuerwehr Gratkorn - Markt\",\"isPartOf\":{\"@id\":\"https:\/\/www.feuerwehr-gratkorn.at\/home\/#website\"},\"primaryImageOfPage\":{\"@id\":\"https:\/\/www.feuerwehr-gratkorn.at\/home\/uebungen-2024\/11750\/#primaryimage\"},\"image\":{\"@id\":\"https:\/\/www.feuerwehr-gratkorn.at\/home\/uebungen-2024\/11750\/#primaryimage\"},\"thumbnailUrl\":\"https:\/\/www.feuerwehr-gratkorn.at\/home\/wp-content\/uploads\/2024\/07\/ee8efd2c-dea7-4dd2-bc4b-3b47496d75b8.jpeg\",\"datePublished\":\"2024-07-07T18:53:47+00:00\",\"dateModified\":\"2024-07-07T19:13:42+00:00\",\"breadcrumb\":{\"@id\":\"https:\/\/www.feuerwehr-gratkorn.at\/home\/uebungen-2024\/11750\/#breadcrumb\"},\"inLanguage\":\"de\",\"potentialAction\":[{\"@type\":\"ReadAction\",\"target\":[\"https:\/\/www.feuerwehr-gratkorn.at\/home\/uebungen-2024\/11750\/\"]}]},{\"@type\":\"ImageObject\",\"inLanguage\":\"de\",\"@id\":\"https:\/\/www.feuerwehr-gratkorn.at\/home\/uebungen-2024\/11750\/#primaryimage\",\"url\":\"https:\/\/www.feuerwehr-gratkorn.at\/home\/wp-content\/uploads\/2024\/07\/ee8efd2c-dea7-4dd2-bc4b-3b47496d75b8.jpeg\",\"contentUrl\":\"https:\/\/www.feuerwehr-gratkorn.at\/home\/wp-content\/uploads\/2024\/07\/ee8efd2c-dea7-4dd2-bc4b-3b47496d75b8.jpeg\",\"width\":1536,\"height\":2048},{\"@type\":\"BreadcrumbList\",\"@id\":\"https:\/\/www.feuerwehr-gratkorn.at\/home\/uebungen-2024\/11750\/#breadcrumb\",\"itemListElement\":[{\"@type\":\"ListItem\",\"position\":1,\"name\":\"Startseite\",\"item\":\"https:\/\/www.feuerwehr-gratkorn.at\/home\/\"},{\"@type\":\"ListItem\",\"position\":2,\"name\":\"Monats\u00fcbung | Schadstoffeinsatz\"}]},{\"@type\":\"WebSite\",\"@id\":\"https:\/\/www.feuerwehr-gratkorn.at\/home\/#website\",\"url\":\"https:\/\/www.feuerwehr-gratkorn.at\/home\/\",\"name\":\"Freiwillige Feuerwehr Gratkorn - Markt\",\"description\":\"Unsere Freizeit f\u00fcr Ihre Sicherheit\",\"publisher\":{\"@id\":\"https:\/\/www.feuerwehr-gratkorn.at\/home\/#organization\"},\"potentialAction\":[{\"@type\":\"SearchAction\",\"target\":{\"@type\":\"EntryPoint\",\"urlTemplate\":\"https:\/\/www.feuerwehr-gratkorn.at\/home\/?s={search_term_string}\"},\"query-input\":{\"@type\":\"PropertyValueSpecification\",\"valueRequired\":true,\"valueName\":\"search_term_string\"}}],\"inLanguage\":\"de\"},{\"@type\":\"Organization\",\"@id\":\"https:\/\/www.feuerwehr-gratkorn.at\/home\/#organization\",\"name\":\"Freiwillige Feuerwehr Gratkorn - Markt\",\"url\":\"https:\/\/www.feuerwehr-gratkorn.at\/home\/\",\"logo\":{\"@type\":\"ImageObject\",\"inLanguage\":\"de\",\"@id\":\"https:\/\/www.feuerwehr-gratkorn.at\/home\/#\/schema\/logo\/image\/\",\"url\":\"https:\/\/www.feuerwehr-gratkorn.at\/home\/wp-content\/uploads\/2017\/01\/feuerwehrlogo.png\",\"contentUrl\":\"https:\/\/www.feuerwehr-gratkorn.at\/home\/wp-content\/uploads\/2017\/01\/feuerwehrlogo.png\",\"width\":225,\"height\":225,\"caption\":\"Freiwillige Feuerwehr Gratkorn - Markt\"},\"image\":{\"@id\":\"https:\/\/www.feuerwehr-gratkorn.at\/home\/#\/schema\/logo\/image\/\"},\"sameAs\":[\"https:\/\/www.facebook.com\/FeuerwehrGratkorn\",\"https:\/\/www.youtube.com\/channel\/UCzJVDxEgwKg6lxZNPn3A3AQ\"]},{\"@type\":\"Person\",\"@id\":\"https:\/\/www.feuerwehr-gratkorn.at\/home\/#\/schema\/person\/e32d740d5e2b635405bee4eadaeea2e4\",\"name\":\"Annika Cresnik\",\"image\":{\"@type\":\"ImageObject\",\"inLanguage\":\"de\",\"@id\":\"https:\/\/www.feuerwehr-gratkorn.at\/home\/#\/schema\/person\/image\/\",\"url\":\"https:\/\/secure.gravatar.com\/avatar\/d625f83b92235011363d6a401f06e029e4e6c8774522cfd5478d5dbdab45a04c?s=96&d=mm&r=g\",\"contentUrl\":\"https:\/\/secure.gravatar.com\/avatar\/d625f83b92235011363d6a401f06e029e4e6c8774522cfd5478d5dbdab45a04c?s=96&d=mm&r=g\",\"caption\":\"Annika Cresnik\"}}]}<\/script>\n<!-- \/ Yoast SEO plugin. -->","yoast_head_json":{"title":"Monats\u00fcbung | Schadstoffeinsatz - Freiwillige Feuerwehr Gratkorn - Markt","robots":{"index":"index","follow":"follow","max-snippet":"max-snippet:-1","max-image-preview":"max-image-preview:large","max-video-preview":"max-video-preview:-1"},"canonical":"https:\/\/www.feuerwehr-gratkorn.at\/home\/uebungen-2024\/11750\/","og_locale":"de_DE","og_type":"article","og_title":"Monats\u00fcbung | Schadstoffeinsatz - Freiwillige Feuerwehr Gratkorn - Markt","og_description":"Datum: \u00a005.07.2024 \u00dcbungszeit: \u00a018:00 &#8211; 22:00 Am 05.07.2024 konnten wir im Rahmen unserer Monats\u00fcbung einen Schadstoffeinsatz be\u00fcben. Hierbei wurde zu Beginn der \u00dcbung nochmal der taktische Vorgang eines solchen Einsatzes theoretisch besprochen und anschlie\u00dfend be\u00fcbt.\u00a0 Beim \u00dcbungsszenario handelte es sich um einen Schadstoffaustritt in einer Werkstatt, wobei eine Person aus dem Gefahrenbereich gerettet werden musste.\u00a0","og_url":"https:\/\/www.feuerwehr-gratkorn.at\/home\/uebungen-2024\/11750\/","og_site_name":"Freiwillige Feuerwehr Gratkorn - Markt","article_publisher":"https:\/\/www.facebook.com\/FeuerwehrGratkorn","article_published_time":"2024-07-07T18:53:47+00:00","article_modified_time":"2024-07-07T19:13:42+00:00","og_image":[{"width":1536,"height":2048,"url":"https:\/\/www.feuerwehr-gratkorn.at\/home\/wp-content\/uploads\/2024\/07\/ee8efd2c-dea7-4dd2-bc4b-3b47496d75b8.jpeg","type":"image\/jpeg"}],"author":"Annika Cresnik","twitter_card":"summary_large_image","twitter_misc":{"Verfasst von":"Annika Cresnik","Gesch\u00e4tzte Lesezeit":"1\u00a0Minute"},"schema":{"@context":"https:\/\/schema.org","@graph":[{"@type":"Article","@id":"https:\/\/www.feuerwehr-gratkorn.at\/home\/uebungen-2024\/11750\/#article","isPartOf":{"@id":"https:\/\/www.feuerwehr-gratkorn.at\/home\/uebungen-2024\/11750\/"},"author":{"name":"Annika Cresnik","@id":"https:\/\/www.feuerwehr-gratkorn.at\/home\/#\/schema\/person\/e32d740d5e2b635405bee4eadaeea2e4"},"headline":"Monats\u00fcbung | Schadstoffeinsatz","datePublished":"2024-07-07T18:53:47+00:00","dateModified":"2024-07-07T19:13:42+00:00","mainEntityOfPage":{"@id":"https:\/\/www.feuerwehr-gratkorn.at\/home\/uebungen-2024\/11750\/"},"wordCount":62,"commentCount":0,"publisher":{"@id":"https:\/\/www.feuerwehr-gratkorn.at\/home\/#organization"},"image":{"@id":"https:\/\/www.feuerwehr-gratkorn.at\/home\/uebungen-2024\/11750\/#primaryimage"},"thumbnailUrl":"https:\/\/www.feuerwehr-gratkorn.at\/home\/wp-content\/uploads\/2024\/07\/ee8efd2c-dea7-4dd2-bc4b-3b47496d75b8.jpeg","articleSection":["\u00dcbungen 2024"],"inLanguage":"de","potentialAction":[{"@type":"CommentAction","name":"Comment","target":["https:\/\/www.feuerwehr-gratkorn.at\/home\/uebungen-2024\/11750\/#respond"]}]},{"@type":"WebPage","@id":"https:\/\/www.feuerwehr-gratkorn.at\/home\/uebungen-2024\/11750\/","url":"https:\/\/www.feuerwehr-gratkorn.at\/home\/uebungen-2024\/11750\/","name":"Monats\u00fcbung | Schadstoffeinsatz - Freiwillige Feuerwehr Gratkorn - Markt","isPartOf":{"@id":"https:\/\/www.feuerwehr-gratkorn.at\/home\/#website"},"primaryImageOfPage":{"@id":"https:\/\/www.feuerwehr-gratkorn.at\/home\/uebungen-2024\/11750\/#primaryimage"},"image":{"@id":"https:\/\/www.feuerwehr-gratkorn.at\/home\/uebungen-2024\/11750\/#primaryimage"},"thumbnailUrl":"https:\/\/www.feuerwehr-gratkorn.at\/home\/wp-content\/uploads\/2024\/07\/ee8efd2c-dea7-4dd2-bc4b-3b47496d75b8.jpeg","datePublished":"2024-07-07T18:53:47+00:00","dateModified":"2024-07-07T19:13:42+00:00","breadcrumb":{"@id":"https:\/\/www.feuerwehr-gratkorn.at\/home\/uebungen-2024\/11750\/#breadcrumb"},"inLanguage":"de","potentialAction":[{"@type":"ReadAction","target":["https:\/\/www.feuerwehr-gratkorn.at\/home\/uebungen-2024\/11750\/"]}]},{"@type":"ImageObject","inLanguage":"de","@id":"https:\/\/www.feuerwehr-gratkorn.at\/home\/uebungen-2024\/11750\/#primaryimage","url":"https:\/\/www.feuerwehr-gratkorn.at\/home\/wp-content\/uploads\/2024\/07\/ee8efd2c-dea7-4dd2-bc4b-3b47496d75b8.jpeg","contentUrl":"https:\/\/www.feuerwehr-gratkorn.at\/home\/wp-content\/uploads\/2024\/07\/ee8efd2c-dea7-4dd2-bc4b-3b47496d75b8.jpeg","width":1536,"height":2048},{"@type":"BreadcrumbList","@id":"https:\/\/www.feuerwehr-gratkorn.at\/home\/uebungen-2024\/11750\/#breadcrumb","itemListElement":[{"@type":"ListItem","position":1,"name":"Startseite","item":"https:\/\/www.feuerwehr-gratkorn.at\/home\/"},{"@type":"ListItem","position":2,"name":"Monats\u00fcbung | Schadstoffeinsatz"}]},{"@type":"WebSite","@id":"https:\/\/www.feuerwehr-gratkorn.at\/home\/#website","url":"https:\/\/www.feuerwehr-gratkorn.at\/home\/","name":"Freiwillige Feuerwehr Gratkorn - Markt","description":"Unsere Freizeit f\u00fcr Ihre Sicherheit","publisher":{"@id":"https:\/\/www.feuerwehr-gratkorn.at\/home\/#organization"},"potentialAction":[{"@type":"SearchAction","target":{"@type":"EntryPoint","urlTemplate":"https:\/\/www.feuerwehr-gratkorn.at\/home\/?s={search_term_string}"},"query-input":{"@type":"PropertyValueSpecification","valueRequired":true,"valueName":"search_term_string"}}],"inLanguage":"de"},{"@type":"Organization","@id":"https:\/\/www.feuerwehr-gratkorn.at\/home\/#organization","name":"Freiwillige Feuerwehr Gratkorn - Markt","url":"https:\/\/www.feuerwehr-gratkorn.at\/home\/","logo":{"@type":"ImageObject","inLanguage":"de","@id":"https:\/\/www.feuerwehr-gratkorn.at\/home\/#\/schema\/logo\/image\/","url":"https:\/\/www.feuerwehr-gratkorn.at\/home\/wp-content\/uploads\/2017\/01\/feuerwehrlogo.png","contentUrl":"https:\/\/www.feuerwehr-gratkorn.at\/home\/wp-content\/uploads\/2017\/01\/feuerwehrlogo.png","width":225,"height":225,"caption":"Freiwillige Feuerwehr Gratkorn - Markt"},"image":{"@id":"https:\/\/www.feuerwehr-gratkorn.at\/home\/#\/schema\/logo\/image\/"},"sameAs":["https:\/\/www.facebook.com\/FeuerwehrGratkorn","https:\/\/www.youtube.com\/channel\/UCzJVDxEgwKg6lxZNPn3A3AQ"]},{"@type":"Person","@id":"https:\/\/www.feuerwehr-gratkorn.at\/home\/#\/schema\/person\/e32d740d5e2b635405bee4eadaeea2e4","name":"Annika Cresnik","image":{"@type":"ImageObject","inLanguage":"de","@id":"https:\/\/www.feuerwehr-gratkorn.at\/home\/#\/schema\/person\/image\/","url":"https:\/\/secure.gravatar.com\/avatar\/d625f83b92235011363d6a401f06e029e4e6c8774522cfd5478d5dbdab45a04c?s=96&d=mm&r=g","contentUrl":"https:\/\/secure.gravatar.com\/avatar\/d625f83b92235011363d6a401f06e029e4e6c8774522cfd5478d5dbdab45a04c?s=96&d=mm&r=g","caption":"Annika Cresnik"}}]}},"_links":{"self":[{"href":"https:\/\/www.feuerwehr-gratkorn.at\/home\/wp-json\/wp\/v2\/posts\/11750","targetHints":{"allow":["GET"]}}],"collection":[{"href":"https:\/\/www.feuerwehr-gratkorn.at\/home\/wp-json\/wp\/v2\/posts"}],"about":[{"href":"https:\/\/www.feuerwehr-gratkorn.at\/home\/wp-json\/wp\/v2\/types\/post"}],"author":[{"embeddable":true,"href":"https:\/\/www.feuerwehr-gratkorn.at\/home\/wp-json\/wp\/v2\/users\/12"}],"replies":[{"embeddable":true,"href":"https:\/\/www.feuerwehr-gratkorn.at\/home\/wp-json\/wp\/v2\/comments?post=11750"}],"version-history":[{"count":4,"href":"https:\/\/www.feuerwehr-gratkorn.at\/home\/wp-json\/wp\/v2\/posts\/11750\/revisions"}],"predecessor-version":[{"id":11759,"href":"https:\/\/www.feuerwehr-gratkorn.at\/home\/wp-json\/wp\/v2\/posts\/11750\/revisions\/11759"}],"wp:featuredmedia":[{"embeddable":true,"href":"https:\/\/www.feuerwehr-gratkorn.at\/home\/wp-json\/wp\/v2\/media\/11756"}],"wp:attachment":[{"href":"https:\/\/www.feuerwehr-gratkorn.at\/home\/wp-json\/wp\/v2\/media?parent=11750"}],"wp:term":[{"taxonomy":"category","embeddable":true,"href":"https:\/\/www.feuerwehr-gratkorn.at\/home\/wp-json\/wp\/v2\/categories?post=11750"},{"taxonomy":"post_tag","embeddable":true,"href":"https:\/\/www.feuerwehr-gratkorn.at\/home\/wp-json\/wp\/v2\/tags?post=11750"}],"curies":[{"name":"wp","href":"https:\/\/api.w.org\/{rel}","templated":true}]}}