{"id":12305,"date":"2024-09-30T11:50:33","date_gmt":"2024-09-30T11:50:33","guid":{"rendered":"https:\/\/www.feuerwehr-gratkorn.at\/home\/?p=12305"},"modified":"2024-09-30T11:50:34","modified_gmt":"2024-09-30T11:50:34","slug":"b08-fahrzeugbrand-a9-2-2-2-2-2-2-2-2-3-2-2-2-2-2-3-2-2-2-2-2-2-2-2-3-2-2-2-2-2-2-2-2-2-3-2-2-2-2-2-2-2-2-2-2-2-2-2-2-3-2-2-2-3-3-2-2-3-2-3-2-2-2-2-2-2-2-2-2-3-2-2-2-2-2-2-2-2-2-2-3-2-2-2-4-4-4-5-2-7-2","status":"publish","type":"post","link":"https:\/\/www.feuerwehr-gratkorn.at\/home\/einsaetze-2024\/12305\/","title":{"rendered":"T09 &#8211; Wasserdienst | Person in Mur"},"content":{"rendered":"\n\n<table style=\"width: 90.312%; margin-left: 30px; height: 284px;\">\n<tbody>\n<tr style=\"height: 33px;\">\n<td style=\"width: 31.0114%; height: 33px;\"><em><strong>Datum:<\/strong><\/em><\/td>\n<td style=\"width: 68.8241%; height: 33px;\">\n<p>\u00a0 26.09.2024<\/p>\n<\/td>\n<\/tr>\n<tr style=\"height: 33px;\">\n<td style=\"width: 31.0114%; height: 33px;\"><em><strong>Einsatzzeit:<\/strong><\/em><\/td>\n<td style=\"width: 68.8241%; height: 33px;\">\u00a0 18:02 &#8211; 19:30<\/td>\n<\/tr>\n<tr style=\"height: 133px;\">\n<td style=\"width: 31.0114%; height: 133px;\"><em><strong>Eingesetzte Fahrzeuge:<\/strong><\/em><\/td>\n<td style=\"width: 68.8241%; height: 133px;\">\n<ul>\n<li>HLF3<\/li>\n<li>TLF-A 3000-200<\/li>\n<li>SRF<\/li>\n<li>KRF-S Tunnel<\/li>\n<li>MTF\u00a0<\/li>\n<\/ul>\n<\/td>\n<\/tr>\n<tr style=\"height: 85px;\">\n<td style=\"width: 31.0114%; height: 85px;\"><em><strong>Weitere Einheiten:<\/strong><\/em><\/td>\n<td style=\"width: 68.8241%; height: 85px;\">\n<ul>\n<li>Polizei\u00a0<\/li>\n<li>Rotes Kreuz\u00a0<\/li>\n<li>Hubschrauber<\/li>\n<li>AFKDT<\/li>\n<li>FF Judendorf &#8211; Stra\u00dfengel<\/li>\n<li>BF Graz<\/li>\n<li>ELF + Drohne\u00a0<\/li>\n<li>BTF Sappi (Boot)\u00a0<\/li>\n<li>FF Frohnleiten\u00a0<\/li>\n<\/ul>\n<\/td>\n<\/tr>\n<\/tbody>\n<\/table>\n<p><!--more--><\/p>\n<div class=\"cxmmr5t8 oygrvhab hcukyx3x c1et5uql o9v6fnle ii04i59q\">\n<div class=\"cxmmr5t8 oygrvhab hcukyx3x c1et5uql o9v6fnle ii04i59q\">\n<div class=\"cxmmr5t8 oygrvhab hcukyx3x c1et5uql o9v6fnle ii04i59q\">\n<div class=\"cxmmr5t8 oygrvhab hcukyx3x c1et5uql o9v6fnle ii04i59q\">\n<div class=\"cxmmr5t8 oygrvhab hcukyx3x c1et5uql o9v6fnle ii04i59q\">\n<div class=\"cxmmr5t8 oygrvhab hcukyx3x c1et5uql o9v6fnle ii04i59q\">\n<div class=\"cxmmr5t8 oygrvhab hcukyx3x c1et5uql o9v6fnle ii04i59q\">\n<p><span style=\"font-size: revert;\">Die Freiwillige Feuerwehr Gratkorn &#8211; Markt wurde mittels Sirenenalarm zu einem Wasserdiensteinsatz alarmiert.<\/span><\/p>\n<p>Es handelte sich um eine Wasserrettung bei der, laut Leitstelle, eine Person in der Mur bereits Richtung Mur-Kraftwerk am Hartboden trieb.<\/p>\n<p>Unverz\u00fcglich r\u00fcckten wir mit dem MTF zum Lotsenpunkt B, beim neuen Verbund-Kraftwerk Gratkorn, zur Erkundung und Koordination der weiteren Ma\u00dfnahmen aus.\u00a0<\/p>\n<p>Da bei Wasserrettungen h\u00f6chste Eile geboten ist, wurden die Such- und Rettungstrupps der nachr\u00fcckenden Einsatzfahrzeuge in den Bereichen Kraftwerk (KRFS-Tunnel), Hackher-Kaserne (HLF 3) und Mursteg am Judendorfweg (TLF-A 3000) positioniert.<\/p>\n<p>Nach kurzer Suche meldete das KRFS-Tunnel nahezu zeitgleich mit dem Polizeihubschreiber den Fund der Person. Der Taucher der FF Frohnleiten und das Boot der BTF Sappi waren zu diesem Zeitpunkt in Zugriffsn\u00e4he. Aus Sicherheitsgr\u00fcnde wurde die Rettung aus dem Wasser mittels Boot durchgef\u00fchrt und die Person am Judendorfer Mur-Ufer zur weiteren medizinischen Versorgung an den Rettungsdienst \u00fcbergeben.<\/p>\n<\/div>\n<p>Weitere Fotos zum Einsatz findet man beim Bericht der FF Frohnleiten<br \/>Zum Bericht<br \/><a href=\"https:\/\/feuerwehr-frohnleiten.at\/2024\/09\/26\/wasserdiensteinsatz-person-in-mur-in-judendorf-strassengel\/\">Wasserdiensteinsatz: Person in Mur in Judendorf-Stra\u00dfengel \u2013 Freiwillige Feuerwehr der Stadt Frohnleiten (feuerwehr-frohnleiten.at)<\/a><\/p>\n<div class=\"cxmmr5t8 oygrvhab hcukyx3x c1et5uql o9v6fnle ii04i59q\">\u00a0<\/div>\n<\/div>\n<\/div>\n<\/div>\n<\/div>\n<\/div>\n<\/div>\n\n\n\n\t\t<style type=\"text\/css\">\n\t\t\t#gallery-1 {\n\t\t\t\tmargin: auto;\n\t\t\t}\n\t\t\t#gallery-1 .gallery-item {\n\t\t\t\tfloat: left;\n\t\t\t\tmargin-top: 10px;\n\t\t\t\ttext-align: center;\n\t\t\t\twidth: 33%;\n\t\t\t}\n\t\t\t#gallery-1 img {\n\t\t\t\tborder: 2px solid #cfcfcf;\n\t\t\t}\n\t\t\t#gallery-1 .gallery-caption {\n\t\t\t\tmargin-left: 0;\n\t\t\t}\n\t\t\t\/* see gallery_shortcode() in wp-includes\/media.php *\/\n\t\t<\/style>\n\t\t<div id='gallery-1' class='gallery galleryid-12305 gallery-columns-3 gallery-size-thumbnail'><dl class='gallery-item'>\n\t\t\t<dt class='gallery-icon landscape'>\n\t\t\t\t<a href='https:\/\/www.feuerwehr-gratkorn.at\/home\/wp-content\/uploads\/2024\/09\/7e232295-3276-46c7-8b42-45c2df37af1f.jpeg'><img loading=\"lazy\" decoding=\"async\" width=\"150\" height=\"113\" src=\"https:\/\/www.feuerwehr-gratkorn.at\/home\/wp-content\/uploads\/2024\/09\/7e232295-3276-46c7-8b42-45c2df37af1f-150x113.jpeg\" class=\"attachment-thumbnail size-thumbnail\" alt=\"\" srcset=\"https:\/\/www.feuerwehr-gratkorn.at\/home\/wp-content\/uploads\/2024\/09\/7e232295-3276-46c7-8b42-45c2df37af1f-150x113.jpeg 150w, https:\/\/www.feuerwehr-gratkorn.at\/home\/wp-content\/uploads\/2024\/09\/7e232295-3276-46c7-8b42-45c2df37af1f-300x225.jpeg 300w, https:\/\/www.feuerwehr-gratkorn.at\/home\/wp-content\/uploads\/2024\/09\/7e232295-3276-46c7-8b42-45c2df37af1f-720x540.jpeg 720w, https:\/\/www.feuerwehr-gratkorn.at\/home\/wp-content\/uploads\/2024\/09\/7e232295-3276-46c7-8b42-45c2df37af1f-768x576.jpeg 768w, https:\/\/www.feuerwehr-gratkorn.at\/home\/wp-content\/uploads\/2024\/09\/7e232295-3276-46c7-8b42-45c2df37af1f-1536x1152.jpeg 1536w, https:\/\/www.feuerwehr-gratkorn.at\/home\/wp-content\/uploads\/2024\/09\/7e232295-3276-46c7-8b42-45c2df37af1f.jpeg 1600w\" sizes=\"auto, (max-width: 150px) 100vw, 150px\" \/><\/a>\n\t\t\t<\/dt><\/dl>\n\t\t\t<br style='clear: both' \/>\n\t\t<\/div>\n\n<p>\u00a0<\/p>\n","protected":false},"excerpt":{"rendered":"<p>Datum: \u00a0 26.09.2024 Einsatzzeit: \u00a0 18:02 &#8211; 19:30 Eingesetzte Fahrzeuge: HLF3 TLF-A 3000-200 SRF KRF-S Tunnel MTF\u00a0 Weitere Einheiten: Polizei\u00a0 Rotes Kreuz\u00a0 Hubschrauber AFKDT FF Judendorf &#8211; Stra\u00dfengel BF Graz ELF + Drohne\u00a0 BTF Sappi (Boot)\u00a0 FF Frohnleiten\u00a0<\/p>\n","protected":false},"author":12,"featured_media":12308,"comment_status":"open","ping_status":"open","sticky":false,"template":"","format":"standard","meta":{"footnotes":""},"categories":[109,106],"tags":[],"class_list":["post-12305","post","type-post","status-publish","format-standard","has-post-thumbnail","hentry","category-3-quartal-2024","category-einsaetze-2024"],"yoast_head":"<!-- This site is optimized with the Yoast SEO plugin v26.9 - https:\/\/yoast.com\/product\/yoast-seo-wordpress\/ -->\n<title>T09 - Wasserdienst | Person in Mur - Freiwillige Feuerwehr Gratkorn - Markt<\/title>\n<meta name=\"robots\" content=\"index, follow, max-snippet:-1, max-image-preview:large, max-video-preview:-1\" \/>\n<link rel=\"canonical\" href=\"https:\/\/www.feuerwehr-gratkorn.at\/home\/einsaetze-2024\/12305\/\" \/>\n<meta property=\"og:locale\" content=\"de_DE\" \/>\n<meta property=\"og:type\" content=\"article\" \/>\n<meta property=\"og:title\" content=\"T09 - Wasserdienst | Person in Mur - Freiwillige Feuerwehr Gratkorn - Markt\" \/>\n<meta property=\"og:description\" content=\"Datum: \u00a0 26.09.2024 Einsatzzeit: \u00a0 18:02 &#8211; 19:30 Eingesetzte Fahrzeuge: HLF3 TLF-A 3000-200 SRF KRF-S Tunnel MTF\u00a0 Weitere Einheiten: Polizei\u00a0 Rotes Kreuz\u00a0 Hubschrauber AFKDT FF Judendorf &#8211; Stra\u00dfengel BF Graz ELF + Drohne\u00a0 BTF Sappi (Boot)\u00a0 FF Frohnleiten\u00a0\" \/>\n<meta property=\"og:url\" content=\"https:\/\/www.feuerwehr-gratkorn.at\/home\/einsaetze-2024\/12305\/\" \/>\n<meta property=\"og:site_name\" content=\"Freiwillige Feuerwehr Gratkorn - Markt\" \/>\n<meta property=\"article:publisher\" content=\"https:\/\/www.facebook.com\/FeuerwehrGratkorn\" \/>\n<meta property=\"article:published_time\" content=\"2024-09-30T11:50:33+00:00\" \/>\n<meta property=\"article:modified_time\" content=\"2024-09-30T11:50:34+00:00\" \/>\n<meta property=\"og:image\" content=\"https:\/\/www.feuerwehr-gratkorn.at\/home\/wp-content\/uploads\/2024\/09\/7e232295-3276-46c7-8b42-45c2df37af1f.jpeg\" \/>\n\t<meta property=\"og:image:width\" content=\"1600\" \/>\n\t<meta property=\"og:image:height\" content=\"1200\" \/>\n\t<meta property=\"og:image:type\" content=\"image\/jpeg\" \/>\n<meta name=\"author\" content=\"Annika Cresnik\" \/>\n<meta name=\"twitter:card\" content=\"summary_large_image\" \/>\n<meta name=\"twitter:label1\" content=\"Verfasst von\" \/>\n\t<meta name=\"twitter:data1\" content=\"Annika Cresnik\" \/>\n\t<meta name=\"twitter:label2\" content=\"Gesch\u00e4tzte Lesezeit\" \/>\n\t<meta name=\"twitter:data2\" content=\"2\u00a0Minuten\" \/>\n<script type=\"application\/ld+json\" class=\"yoast-schema-graph\">{\"@context\":\"https:\/\/schema.org\",\"@graph\":[{\"@type\":\"Article\",\"@id\":\"https:\/\/www.feuerwehr-gratkorn.at\/home\/einsaetze-2024\/12305\/#article\",\"isPartOf\":{\"@id\":\"https:\/\/www.feuerwehr-gratkorn.at\/home\/einsaetze-2024\/12305\/\"},\"author\":{\"name\":\"Annika Cresnik\",\"@id\":\"https:\/\/www.feuerwehr-gratkorn.at\/home\/#\/schema\/person\/e32d740d5e2b635405bee4eadaeea2e4\"},\"headline\":\"T09 &#8211; Wasserdienst | Person in Mur\",\"datePublished\":\"2024-09-30T11:50:33+00:00\",\"dateModified\":\"2024-09-30T11:50:34+00:00\",\"mainEntityOfPage\":{\"@id\":\"https:\/\/www.feuerwehr-gratkorn.at\/home\/einsaetze-2024\/12305\/\"},\"wordCount\":217,\"commentCount\":0,\"publisher\":{\"@id\":\"https:\/\/www.feuerwehr-gratkorn.at\/home\/#organization\"},\"image\":{\"@id\":\"https:\/\/www.feuerwehr-gratkorn.at\/home\/einsaetze-2024\/12305\/#primaryimage\"},\"thumbnailUrl\":\"https:\/\/www.feuerwehr-gratkorn.at\/home\/wp-content\/uploads\/2024\/09\/7e232295-3276-46c7-8b42-45c2df37af1f.jpeg\",\"articleSection\":[\"3. Quartal 2024\",\"Eins\u00e4tze 2024\"],\"inLanguage\":\"de\",\"potentialAction\":[{\"@type\":\"CommentAction\",\"name\":\"Comment\",\"target\":[\"https:\/\/www.feuerwehr-gratkorn.at\/home\/einsaetze-2024\/12305\/#respond\"]}]},{\"@type\":\"WebPage\",\"@id\":\"https:\/\/www.feuerwehr-gratkorn.at\/home\/einsaetze-2024\/12305\/\",\"url\":\"https:\/\/www.feuerwehr-gratkorn.at\/home\/einsaetze-2024\/12305\/\",\"name\":\"T09 - Wasserdienst | Person in Mur - Freiwillige Feuerwehr Gratkorn - Markt\",\"isPartOf\":{\"@id\":\"https:\/\/www.feuerwehr-gratkorn.at\/home\/#website\"},\"primaryImageOfPage\":{\"@id\":\"https:\/\/www.feuerwehr-gratkorn.at\/home\/einsaetze-2024\/12305\/#primaryimage\"},\"image\":{\"@id\":\"https:\/\/www.feuerwehr-gratkorn.at\/home\/einsaetze-2024\/12305\/#primaryimage\"},\"thumbnailUrl\":\"https:\/\/www.feuerwehr-gratkorn.at\/home\/wp-content\/uploads\/2024\/09\/7e232295-3276-46c7-8b42-45c2df37af1f.jpeg\",\"datePublished\":\"2024-09-30T11:50:33+00:00\",\"dateModified\":\"2024-09-30T11:50:34+00:00\",\"breadcrumb\":{\"@id\":\"https:\/\/www.feuerwehr-gratkorn.at\/home\/einsaetze-2024\/12305\/#breadcrumb\"},\"inLanguage\":\"de\",\"potentialAction\":[{\"@type\":\"ReadAction\",\"target\":[\"https:\/\/www.feuerwehr-gratkorn.at\/home\/einsaetze-2024\/12305\/\"]}]},{\"@type\":\"ImageObject\",\"inLanguage\":\"de\",\"@id\":\"https:\/\/www.feuerwehr-gratkorn.at\/home\/einsaetze-2024\/12305\/#primaryimage\",\"url\":\"https:\/\/www.feuerwehr-gratkorn.at\/home\/wp-content\/uploads\/2024\/09\/7e232295-3276-46c7-8b42-45c2df37af1f.jpeg\",\"contentUrl\":\"https:\/\/www.feuerwehr-gratkorn.at\/home\/wp-content\/uploads\/2024\/09\/7e232295-3276-46c7-8b42-45c2df37af1f.jpeg\",\"width\":1600,\"height\":1200},{\"@type\":\"BreadcrumbList\",\"@id\":\"https:\/\/www.feuerwehr-gratkorn.at\/home\/einsaetze-2024\/12305\/#breadcrumb\",\"itemListElement\":[{\"@type\":\"ListItem\",\"position\":1,\"name\":\"Startseite\",\"item\":\"https:\/\/www.feuerwehr-gratkorn.at\/home\/\"},{\"@type\":\"ListItem\",\"position\":2,\"name\":\"T09 &#8211; Wasserdienst | Person in Mur\"}]},{\"@type\":\"WebSite\",\"@id\":\"https:\/\/www.feuerwehr-gratkorn.at\/home\/#website\",\"url\":\"https:\/\/www.feuerwehr-gratkorn.at\/home\/\",\"name\":\"Freiwillige Feuerwehr Gratkorn - Markt\",\"description\":\"Unsere Freizeit f\u00fcr Ihre Sicherheit\",\"publisher\":{\"@id\":\"https:\/\/www.feuerwehr-gratkorn.at\/home\/#organization\"},\"potentialAction\":[{\"@type\":\"SearchAction\",\"target\":{\"@type\":\"EntryPoint\",\"urlTemplate\":\"https:\/\/www.feuerwehr-gratkorn.at\/home\/?s={search_term_string}\"},\"query-input\":{\"@type\":\"PropertyValueSpecification\",\"valueRequired\":true,\"valueName\":\"search_term_string\"}}],\"inLanguage\":\"de\"},{\"@type\":\"Organization\",\"@id\":\"https:\/\/www.feuerwehr-gratkorn.at\/home\/#organization\",\"name\":\"Freiwillige Feuerwehr Gratkorn - Markt\",\"url\":\"https:\/\/www.feuerwehr-gratkorn.at\/home\/\",\"logo\":{\"@type\":\"ImageObject\",\"inLanguage\":\"de\",\"@id\":\"https:\/\/www.feuerwehr-gratkorn.at\/home\/#\/schema\/logo\/image\/\",\"url\":\"https:\/\/www.feuerwehr-gratkorn.at\/home\/wp-content\/uploads\/2017\/01\/feuerwehrlogo.png\",\"contentUrl\":\"https:\/\/www.feuerwehr-gratkorn.at\/home\/wp-content\/uploads\/2017\/01\/feuerwehrlogo.png\",\"width\":225,\"height\":225,\"caption\":\"Freiwillige Feuerwehr Gratkorn - Markt\"},\"image\":{\"@id\":\"https:\/\/www.feuerwehr-gratkorn.at\/home\/#\/schema\/logo\/image\/\"},\"sameAs\":[\"https:\/\/www.facebook.com\/FeuerwehrGratkorn\",\"https:\/\/www.youtube.com\/channel\/UCzJVDxEgwKg6lxZNPn3A3AQ\"]},{\"@type\":\"Person\",\"@id\":\"https:\/\/www.feuerwehr-gratkorn.at\/home\/#\/schema\/person\/e32d740d5e2b635405bee4eadaeea2e4\",\"name\":\"Annika Cresnik\",\"image\":{\"@type\":\"ImageObject\",\"inLanguage\":\"de\",\"@id\":\"https:\/\/www.feuerwehr-gratkorn.at\/home\/#\/schema\/person\/image\/\",\"url\":\"https:\/\/secure.gravatar.com\/avatar\/d625f83b92235011363d6a401f06e029e4e6c8774522cfd5478d5dbdab45a04c?s=96&d=mm&r=g\",\"contentUrl\":\"https:\/\/secure.gravatar.com\/avatar\/d625f83b92235011363d6a401f06e029e4e6c8774522cfd5478d5dbdab45a04c?s=96&d=mm&r=g\",\"caption\":\"Annika Cresnik\"}}]}<\/script>\n<!-- \/ Yoast SEO plugin. -->","yoast_head_json":{"title":"T09 - Wasserdienst | Person in Mur - Freiwillige Feuerwehr Gratkorn - Markt","robots":{"index":"index","follow":"follow","max-snippet":"max-snippet:-1","max-image-preview":"max-image-preview:large","max-video-preview":"max-video-preview:-1"},"canonical":"https:\/\/www.feuerwehr-gratkorn.at\/home\/einsaetze-2024\/12305\/","og_locale":"de_DE","og_type":"article","og_title":"T09 - Wasserdienst | Person in Mur - Freiwillige Feuerwehr Gratkorn - Markt","og_description":"Datum: \u00a0 26.09.2024 Einsatzzeit: \u00a0 18:02 &#8211; 19:30 Eingesetzte Fahrzeuge: HLF3 TLF-A 3000-200 SRF KRF-S Tunnel MTF\u00a0 Weitere Einheiten: Polizei\u00a0 Rotes Kreuz\u00a0 Hubschrauber AFKDT FF Judendorf &#8211; Stra\u00dfengel BF Graz ELF + Drohne\u00a0 BTF Sappi (Boot)\u00a0 FF Frohnleiten\u00a0","og_url":"https:\/\/www.feuerwehr-gratkorn.at\/home\/einsaetze-2024\/12305\/","og_site_name":"Freiwillige Feuerwehr Gratkorn - Markt","article_publisher":"https:\/\/www.facebook.com\/FeuerwehrGratkorn","article_published_time":"2024-09-30T11:50:33+00:00","article_modified_time":"2024-09-30T11:50:34+00:00","og_image":[{"width":1600,"height":1200,"url":"https:\/\/www.feuerwehr-gratkorn.at\/home\/wp-content\/uploads\/2024\/09\/7e232295-3276-46c7-8b42-45c2df37af1f.jpeg","type":"image\/jpeg"}],"author":"Annika Cresnik","twitter_card":"summary_large_image","twitter_misc":{"Verfasst von":"Annika Cresnik","Gesch\u00e4tzte Lesezeit":"2\u00a0Minuten"},"schema":{"@context":"https:\/\/schema.org","@graph":[{"@type":"Article","@id":"https:\/\/www.feuerwehr-gratkorn.at\/home\/einsaetze-2024\/12305\/#article","isPartOf":{"@id":"https:\/\/www.feuerwehr-gratkorn.at\/home\/einsaetze-2024\/12305\/"},"author":{"name":"Annika Cresnik","@id":"https:\/\/www.feuerwehr-gratkorn.at\/home\/#\/schema\/person\/e32d740d5e2b635405bee4eadaeea2e4"},"headline":"T09 &#8211; Wasserdienst | Person in Mur","datePublished":"2024-09-30T11:50:33+00:00","dateModified":"2024-09-30T11:50:34+00:00","mainEntityOfPage":{"@id":"https:\/\/www.feuerwehr-gratkorn.at\/home\/einsaetze-2024\/12305\/"},"wordCount":217,"commentCount":0,"publisher":{"@id":"https:\/\/www.feuerwehr-gratkorn.at\/home\/#organization"},"image":{"@id":"https:\/\/www.feuerwehr-gratkorn.at\/home\/einsaetze-2024\/12305\/#primaryimage"},"thumbnailUrl":"https:\/\/www.feuerwehr-gratkorn.at\/home\/wp-content\/uploads\/2024\/09\/7e232295-3276-46c7-8b42-45c2df37af1f.jpeg","articleSection":["3. Quartal 2024","Eins\u00e4tze 2024"],"inLanguage":"de","potentialAction":[{"@type":"CommentAction","name":"Comment","target":["https:\/\/www.feuerwehr-gratkorn.at\/home\/einsaetze-2024\/12305\/#respond"]}]},{"@type":"WebPage","@id":"https:\/\/www.feuerwehr-gratkorn.at\/home\/einsaetze-2024\/12305\/","url":"https:\/\/www.feuerwehr-gratkorn.at\/home\/einsaetze-2024\/12305\/","name":"T09 - Wasserdienst | Person in Mur - Freiwillige Feuerwehr Gratkorn - Markt","isPartOf":{"@id":"https:\/\/www.feuerwehr-gratkorn.at\/home\/#website"},"primaryImageOfPage":{"@id":"https:\/\/www.feuerwehr-gratkorn.at\/home\/einsaetze-2024\/12305\/#primaryimage"},"image":{"@id":"https:\/\/www.feuerwehr-gratkorn.at\/home\/einsaetze-2024\/12305\/#primaryimage"},"thumbnailUrl":"https:\/\/www.feuerwehr-gratkorn.at\/home\/wp-content\/uploads\/2024\/09\/7e232295-3276-46c7-8b42-45c2df37af1f.jpeg","datePublished":"2024-09-30T11:50:33+00:00","dateModified":"2024-09-30T11:50:34+00:00","breadcrumb":{"@id":"https:\/\/www.feuerwehr-gratkorn.at\/home\/einsaetze-2024\/12305\/#breadcrumb"},"inLanguage":"de","potentialAction":[{"@type":"ReadAction","target":["https:\/\/www.feuerwehr-gratkorn.at\/home\/einsaetze-2024\/12305\/"]}]},{"@type":"ImageObject","inLanguage":"de","@id":"https:\/\/www.feuerwehr-gratkorn.at\/home\/einsaetze-2024\/12305\/#primaryimage","url":"https:\/\/www.feuerwehr-gratkorn.at\/home\/wp-content\/uploads\/2024\/09\/7e232295-3276-46c7-8b42-45c2df37af1f.jpeg","contentUrl":"https:\/\/www.feuerwehr-gratkorn.at\/home\/wp-content\/uploads\/2024\/09\/7e232295-3276-46c7-8b42-45c2df37af1f.jpeg","width":1600,"height":1200},{"@type":"BreadcrumbList","@id":"https:\/\/www.feuerwehr-gratkorn.at\/home\/einsaetze-2024\/12305\/#breadcrumb","itemListElement":[{"@type":"ListItem","position":1,"name":"Startseite","item":"https:\/\/www.feuerwehr-gratkorn.at\/home\/"},{"@type":"ListItem","position":2,"name":"T09 &#8211; Wasserdienst | Person in Mur"}]},{"@type":"WebSite","@id":"https:\/\/www.feuerwehr-gratkorn.at\/home\/#website","url":"https:\/\/www.feuerwehr-gratkorn.at\/home\/","name":"Freiwillige Feuerwehr Gratkorn - Markt","description":"Unsere Freizeit f\u00fcr Ihre Sicherheit","publisher":{"@id":"https:\/\/www.feuerwehr-gratkorn.at\/home\/#organization"},"potentialAction":[{"@type":"SearchAction","target":{"@type":"EntryPoint","urlTemplate":"https:\/\/www.feuerwehr-gratkorn.at\/home\/?s={search_term_string}"},"query-input":{"@type":"PropertyValueSpecification","valueRequired":true,"valueName":"search_term_string"}}],"inLanguage":"de"},{"@type":"Organization","@id":"https:\/\/www.feuerwehr-gratkorn.at\/home\/#organization","name":"Freiwillige Feuerwehr Gratkorn - Markt","url":"https:\/\/www.feuerwehr-gratkorn.at\/home\/","logo":{"@type":"ImageObject","inLanguage":"de","@id":"https:\/\/www.feuerwehr-gratkorn.at\/home\/#\/schema\/logo\/image\/","url":"https:\/\/www.feuerwehr-gratkorn.at\/home\/wp-content\/uploads\/2017\/01\/feuerwehrlogo.png","contentUrl":"https:\/\/www.feuerwehr-gratkorn.at\/home\/wp-content\/uploads\/2017\/01\/feuerwehrlogo.png","width":225,"height":225,"caption":"Freiwillige Feuerwehr Gratkorn - Markt"},"image":{"@id":"https:\/\/www.feuerwehr-gratkorn.at\/home\/#\/schema\/logo\/image\/"},"sameAs":["https:\/\/www.facebook.com\/FeuerwehrGratkorn","https:\/\/www.youtube.com\/channel\/UCzJVDxEgwKg6lxZNPn3A3AQ"]},{"@type":"Person","@id":"https:\/\/www.feuerwehr-gratkorn.at\/home\/#\/schema\/person\/e32d740d5e2b635405bee4eadaeea2e4","name":"Annika Cresnik","image":{"@type":"ImageObject","inLanguage":"de","@id":"https:\/\/www.feuerwehr-gratkorn.at\/home\/#\/schema\/person\/image\/","url":"https:\/\/secure.gravatar.com\/avatar\/d625f83b92235011363d6a401f06e029e4e6c8774522cfd5478d5dbdab45a04c?s=96&d=mm&r=g","contentUrl":"https:\/\/secure.gravatar.com\/avatar\/d625f83b92235011363d6a401f06e029e4e6c8774522cfd5478d5dbdab45a04c?s=96&d=mm&r=g","caption":"Annika Cresnik"}}]}},"_links":{"self":[{"href":"https:\/\/www.feuerwehr-gratkorn.at\/home\/wp-json\/wp\/v2\/posts\/12305","targetHints":{"allow":["GET"]}}],"collection":[{"href":"https:\/\/www.feuerwehr-gratkorn.at\/home\/wp-json\/wp\/v2\/posts"}],"about":[{"href":"https:\/\/www.feuerwehr-gratkorn.at\/home\/wp-json\/wp\/v2\/types\/post"}],"author":[{"embeddable":true,"href":"https:\/\/www.feuerwehr-gratkorn.at\/home\/wp-json\/wp\/v2\/users\/12"}],"replies":[{"embeddable":true,"href":"https:\/\/www.feuerwehr-gratkorn.at\/home\/wp-json\/wp\/v2\/comments?post=12305"}],"version-history":[{"count":6,"href":"https:\/\/www.feuerwehr-gratkorn.at\/home\/wp-json\/wp\/v2\/posts\/12305\/revisions"}],"predecessor-version":[{"id":12320,"href":"https:\/\/www.feuerwehr-gratkorn.at\/home\/wp-json\/wp\/v2\/posts\/12305\/revisions\/12320"}],"wp:featuredmedia":[{"embeddable":true,"href":"https:\/\/www.feuerwehr-gratkorn.at\/home\/wp-json\/wp\/v2\/media\/12308"}],"wp:attachment":[{"href":"https:\/\/www.feuerwehr-gratkorn.at\/home\/wp-json\/wp\/v2\/media?parent=12305"}],"wp:term":[{"taxonomy":"category","embeddable":true,"href":"https:\/\/www.feuerwehr-gratkorn.at\/home\/wp-json\/wp\/v2\/categories?post=12305"},{"taxonomy":"post_tag","embeddable":true,"href":"https:\/\/www.feuerwehr-gratkorn.at\/home\/wp-json\/wp\/v2\/tags?post=12305"}],"curies":[{"name":"wp","href":"https:\/\/api.w.org\/{rel}","templated":true}]}}