{"id":12551,"date":"2024-12-31T18:42:22","date_gmt":"2024-12-31T18:42:22","guid":{"rendered":"https:\/\/www.feuerwehr-gratkorn.at\/home\/?p=12551"},"modified":"2025-01-01T08:53:22","modified_gmt":"2025-01-01T08:53:22","slug":"b08-fahrzeugbrand-a9-2-2-2-2-2-2-2-2-3-2-2-2-2-2-3-2-2-2-2-2-2-2-2-3-2-2-2-2-2-2-2-2-2-3-2-2-2-2-2-2-2-2-2-2-2-2-2-2-3-2-2-2-3-3-2-2-3-2-3-2-2-2-2-2-2-2-2-2-3-2-2-2-2-2-2-2-2-2-2-3-2-2-2-4-4-4-5-2-83","status":"publish","type":"post","link":"https:\/\/www.feuerwehr-gratkorn.at\/home\/einsaetze-2024\/12551\/","title":{"rendered":"B09 Heckenbrand | Am Hartboden"},"content":{"rendered":"\n\n<table style=\"width: 90.312%; margin-left: 30px; height: 284px;\">\n<tbody>\n<tr style=\"height: 33px;\">\n<td style=\"width: 31.0114%; height: 33px;\"><em><strong>Datum:<\/strong><\/em><\/td>\n<td style=\"width: 68.8241%; height: 33px;\">\n<p>\u00a0 31.12.2024<\/p>\n<\/td>\n<\/tr>\n<tr style=\"height: 33px;\">\n<td style=\"width: 31.0114%; height: 33px;\"><em><strong>Einsatzzeit:<\/strong><\/em><\/td>\n<td style=\"width: 68.8241%; height: 33px;\">\n<p>\u00a0 18:12 &#8211; 19:30<\/p>\n<\/td>\n<\/tr>\n<tr style=\"height: 133px;\">\n<td style=\"width: 31.0114%; height: 133px;\"><em><strong>Eingesetzte Fahrzeuge:<\/strong><\/em><\/td>\n<td style=\"width: 68.8241%; height: 133px;\">\n<ul>\n<li>MTF<\/li>\n<li>TLF-A 3000\/200<\/li>\n<li>KRF-S Tunnel<\/li>\n<li>HLF 3<\/li>\n<li>BLF-C<\/li>\n<\/ul>\n<\/td>\n<\/tr>\n<tr style=\"height: 85px;\">\n<td style=\"width: 31.0114%; height: 85px;\"><em><strong>Weitere Einheiten:<\/strong><\/em><\/td>\n<td style=\"width: 68.8241%; height: 85px;\">\n<ul>\n<li>Polizei<\/li>\n<\/ul>\n<\/td>\n<\/tr>\n<\/tbody>\n<\/table>\n<div class=\"cxmmr5t8 oygrvhab hcukyx3x c1et5uql o9v6fnle ii04i59q\">\n<div class=\"cxmmr5t8 oygrvhab hcukyx3x c1et5uql o9v6fnle ii04i59q\">\n<div class=\"cxmmr5t8 oygrvhab hcukyx3x c1et5uql o9v6fnle ii04i59q\">\n<div class=\"cxmmr5t8 oygrvhab hcukyx3x c1et5uql o9v6fnle ii04i59q\">\n<div class=\"cxmmr5t8 oygrvhab hcukyx3x c1et5uql o9v6fnle ii04i59q\">\n<div class=\"cxmmr5t8 oygrvhab hcukyx3x c1et5uql o9v6fnle ii04i59q\">\n<p>Die Freiwillige Feuerwehr Gratkorn-Mark wurde mittels Sirenenalarm zu einem Heckenbrand Am Hartboden alarmiert.<\/p>\n<p>Beim Eintreffen brannte die Hecke auf einer L\u00e4nge von ca. 11m, erste L\u00f6schversuche wurden bereits durch die Bewohner durchgef\u00fchrt. Die Brandbek\u00e4mpfung erfolgte mittels 2 C-Rohren \u00fcber Verteiler. Mit dem Einsatz der W\u00e4rmebildkameras und Schanzwerkzeug waren die Nachl\u00f6scharbeiten schnell abgeschlossen und wir konnten zu einem hoffentlich ruhig bleibenden Jahreswechsel \u00fcbergehen.<\/p>\n<\/div>\n<\/div>\n<\/div>\n<\/div>\n<\/div>\n<\/div>\n\n\n\n\t\t<style type=\"text\/css\">\n\t\t\t#gallery-1 {\n\t\t\t\tmargin: auto;\n\t\t\t}\n\t\t\t#gallery-1 .gallery-item {\n\t\t\t\tfloat: left;\n\t\t\t\tmargin-top: 10px;\n\t\t\t\ttext-align: center;\n\t\t\t\twidth: 33%;\n\t\t\t}\n\t\t\t#gallery-1 img {\n\t\t\t\tborder: 2px solid #cfcfcf;\n\t\t\t}\n\t\t\t#gallery-1 .gallery-caption {\n\t\t\t\tmargin-left: 0;\n\t\t\t}\n\t\t\t\/* see gallery_shortcode() in wp-includes\/media.php *\/\n\t\t<\/style>\n\t\t<div id='gallery-1' class='gallery galleryid-12551 gallery-columns-3 gallery-size-thumbnail'><dl class='gallery-item'>\n\t\t\t<dt class='gallery-icon landscape'>\n\t\t\t\t<a href='https:\/\/www.feuerwehr-gratkorn.at\/home\/wp-content\/uploads\/2024\/12\/41a604e0-db8b-480b-822f-284b87fd0dc2-scaled.jpeg'><img loading=\"lazy\" decoding=\"async\" width=\"150\" height=\"113\" src=\"https:\/\/www.feuerwehr-gratkorn.at\/home\/wp-content\/uploads\/2024\/12\/41a604e0-db8b-480b-822f-284b87fd0dc2-150x113.jpeg\" class=\"attachment-thumbnail size-thumbnail\" alt=\"\" srcset=\"https:\/\/www.feuerwehr-gratkorn.at\/home\/wp-content\/uploads\/2024\/12\/41a604e0-db8b-480b-822f-284b87fd0dc2-150x113.jpeg 150w, https:\/\/www.feuerwehr-gratkorn.at\/home\/wp-content\/uploads\/2024\/12\/41a604e0-db8b-480b-822f-284b87fd0dc2-300x225.jpeg 300w, https:\/\/www.feuerwehr-gratkorn.at\/home\/wp-content\/uploads\/2024\/12\/41a604e0-db8b-480b-822f-284b87fd0dc2-720x540.jpeg 720w, https:\/\/www.feuerwehr-gratkorn.at\/home\/wp-content\/uploads\/2024\/12\/41a604e0-db8b-480b-822f-284b87fd0dc2-768x576.jpeg 768w, https:\/\/www.feuerwehr-gratkorn.at\/home\/wp-content\/uploads\/2024\/12\/41a604e0-db8b-480b-822f-284b87fd0dc2-1536x1152.jpeg 1536w, https:\/\/www.feuerwehr-gratkorn.at\/home\/wp-content\/uploads\/2024\/12\/41a604e0-db8b-480b-822f-284b87fd0dc2-2048x1536.jpeg 2048w\" sizes=\"auto, (max-width: 150px) 100vw, 150px\" \/><\/a>\n\t\t\t<\/dt><\/dl><dl class='gallery-item'>\n\t\t\t<dt class='gallery-icon landscape'>\n\t\t\t\t<a href='https:\/\/www.feuerwehr-gratkorn.at\/home\/wp-content\/uploads\/2024\/12\/36f67050-9063-4533-9837-e985b1e7ec40-scaled.jpeg'><img loading=\"lazy\" decoding=\"async\" width=\"150\" height=\"113\" src=\"https:\/\/www.feuerwehr-gratkorn.at\/home\/wp-content\/uploads\/2024\/12\/36f67050-9063-4533-9837-e985b1e7ec40-150x113.jpeg\" class=\"attachment-thumbnail size-thumbnail\" alt=\"\" srcset=\"https:\/\/www.feuerwehr-gratkorn.at\/home\/wp-content\/uploads\/2024\/12\/36f67050-9063-4533-9837-e985b1e7ec40-150x113.jpeg 150w, https:\/\/www.feuerwehr-gratkorn.at\/home\/wp-content\/uploads\/2024\/12\/36f67050-9063-4533-9837-e985b1e7ec40-300x225.jpeg 300w, https:\/\/www.feuerwehr-gratkorn.at\/home\/wp-content\/uploads\/2024\/12\/36f67050-9063-4533-9837-e985b1e7ec40-720x540.jpeg 720w, https:\/\/www.feuerwehr-gratkorn.at\/home\/wp-content\/uploads\/2024\/12\/36f67050-9063-4533-9837-e985b1e7ec40-768x576.jpeg 768w, https:\/\/www.feuerwehr-gratkorn.at\/home\/wp-content\/uploads\/2024\/12\/36f67050-9063-4533-9837-e985b1e7ec40-1536x1152.jpeg 1536w, https:\/\/www.feuerwehr-gratkorn.at\/home\/wp-content\/uploads\/2024\/12\/36f67050-9063-4533-9837-e985b1e7ec40-2048x1536.jpeg 2048w\" sizes=\"auto, (max-width: 150px) 100vw, 150px\" \/><\/a>\n\t\t\t<\/dt><\/dl><dl class='gallery-item'>\n\t\t\t<dt class='gallery-icon landscape'>\n\t\t\t\t<a href='https:\/\/www.feuerwehr-gratkorn.at\/home\/wp-content\/uploads\/2024\/12\/747ba4cf-ac34-4989-b645-d6b74f94d7b5-scaled.jpeg'><img loading=\"lazy\" decoding=\"async\" width=\"150\" height=\"113\" src=\"https:\/\/www.feuerwehr-gratkorn.at\/home\/wp-content\/uploads\/2024\/12\/747ba4cf-ac34-4989-b645-d6b74f94d7b5-150x113.jpeg\" class=\"attachment-thumbnail size-thumbnail\" alt=\"\" srcset=\"https:\/\/www.feuerwehr-gratkorn.at\/home\/wp-content\/uploads\/2024\/12\/747ba4cf-ac34-4989-b645-d6b74f94d7b5-150x113.jpeg 150w, https:\/\/www.feuerwehr-gratkorn.at\/home\/wp-content\/uploads\/2024\/12\/747ba4cf-ac34-4989-b645-d6b74f94d7b5-300x225.jpeg 300w, https:\/\/www.feuerwehr-gratkorn.at\/home\/wp-content\/uploads\/2024\/12\/747ba4cf-ac34-4989-b645-d6b74f94d7b5-720x540.jpeg 720w, https:\/\/www.feuerwehr-gratkorn.at\/home\/wp-content\/uploads\/2024\/12\/747ba4cf-ac34-4989-b645-d6b74f94d7b5-768x576.jpeg 768w, https:\/\/www.feuerwehr-gratkorn.at\/home\/wp-content\/uploads\/2024\/12\/747ba4cf-ac34-4989-b645-d6b74f94d7b5-1536x1152.jpeg 1536w, https:\/\/www.feuerwehr-gratkorn.at\/home\/wp-content\/uploads\/2024\/12\/747ba4cf-ac34-4989-b645-d6b74f94d7b5-2048x1536.jpeg 2048w\" sizes=\"auto, (max-width: 150px) 100vw, 150px\" \/><\/a>\n\t\t\t<\/dt><\/dl><br style=\"clear: both\" \/><dl class='gallery-item'>\n\t\t\t<dt class='gallery-icon landscape'>\n\t\t\t\t<a href='https:\/\/www.feuerwehr-gratkorn.at\/home\/wp-content\/uploads\/2024\/12\/135c8025-a839-4cde-b87a-85719c202e76-scaled.jpeg'><img loading=\"lazy\" decoding=\"async\" width=\"150\" height=\"113\" src=\"https:\/\/www.feuerwehr-gratkorn.at\/home\/wp-content\/uploads\/2024\/12\/135c8025-a839-4cde-b87a-85719c202e76-150x113.jpeg\" class=\"attachment-thumbnail size-thumbnail\" alt=\"\" srcset=\"https:\/\/www.feuerwehr-gratkorn.at\/home\/wp-content\/uploads\/2024\/12\/135c8025-a839-4cde-b87a-85719c202e76-150x113.jpeg 150w, https:\/\/www.feuerwehr-gratkorn.at\/home\/wp-content\/uploads\/2024\/12\/135c8025-a839-4cde-b87a-85719c202e76-300x225.jpeg 300w, https:\/\/www.feuerwehr-gratkorn.at\/home\/wp-content\/uploads\/2024\/12\/135c8025-a839-4cde-b87a-85719c202e76-720x540.jpeg 720w, https:\/\/www.feuerwehr-gratkorn.at\/home\/wp-content\/uploads\/2024\/12\/135c8025-a839-4cde-b87a-85719c202e76-768x576.jpeg 768w, https:\/\/www.feuerwehr-gratkorn.at\/home\/wp-content\/uploads\/2024\/12\/135c8025-a839-4cde-b87a-85719c202e76-1536x1152.jpeg 1536w, https:\/\/www.feuerwehr-gratkorn.at\/home\/wp-content\/uploads\/2024\/12\/135c8025-a839-4cde-b87a-85719c202e76-2048x1536.jpeg 2048w\" sizes=\"auto, (max-width: 150px) 100vw, 150px\" \/><\/a>\n\t\t\t<\/dt><\/dl><dl class='gallery-item'>\n\t\t\t<dt class='gallery-icon landscape'>\n\t\t\t\t<a href='https:\/\/www.feuerwehr-gratkorn.at\/home\/wp-content\/uploads\/2024\/12\/006c65ac-c36f-4f1b-aecc-0d78c1d6e2dd-scaled.jpeg'><img loading=\"lazy\" decoding=\"async\" width=\"150\" height=\"113\" src=\"https:\/\/www.feuerwehr-gratkorn.at\/home\/wp-content\/uploads\/2024\/12\/006c65ac-c36f-4f1b-aecc-0d78c1d6e2dd-150x113.jpeg\" class=\"attachment-thumbnail size-thumbnail\" alt=\"\" srcset=\"https:\/\/www.feuerwehr-gratkorn.at\/home\/wp-content\/uploads\/2024\/12\/006c65ac-c36f-4f1b-aecc-0d78c1d6e2dd-150x113.jpeg 150w, https:\/\/www.feuerwehr-gratkorn.at\/home\/wp-content\/uploads\/2024\/12\/006c65ac-c36f-4f1b-aecc-0d78c1d6e2dd-300x225.jpeg 300w, https:\/\/www.feuerwehr-gratkorn.at\/home\/wp-content\/uploads\/2024\/12\/006c65ac-c36f-4f1b-aecc-0d78c1d6e2dd-720x540.jpeg 720w, https:\/\/www.feuerwehr-gratkorn.at\/home\/wp-content\/uploads\/2024\/12\/006c65ac-c36f-4f1b-aecc-0d78c1d6e2dd-768x576.jpeg 768w, https:\/\/www.feuerwehr-gratkorn.at\/home\/wp-content\/uploads\/2024\/12\/006c65ac-c36f-4f1b-aecc-0d78c1d6e2dd-1536x1152.jpeg 1536w, https:\/\/www.feuerwehr-gratkorn.at\/home\/wp-content\/uploads\/2024\/12\/006c65ac-c36f-4f1b-aecc-0d78c1d6e2dd-2048x1536.jpeg 2048w\" sizes=\"auto, (max-width: 150px) 100vw, 150px\" \/><\/a>\n\t\t\t<\/dt><\/dl><dl class='gallery-item'>\n\t\t\t<dt class='gallery-icon landscape'>\n\t\t\t\t<a href='https:\/\/www.feuerwehr-gratkorn.at\/home\/wp-content\/uploads\/2024\/12\/IMG_8756.jpg'><img loading=\"lazy\" decoding=\"async\" width=\"150\" height=\"113\" src=\"https:\/\/www.feuerwehr-gratkorn.at\/home\/wp-content\/uploads\/2024\/12\/IMG_8756-150x113.jpg\" class=\"attachment-thumbnail size-thumbnail\" alt=\"\" srcset=\"https:\/\/www.feuerwehr-gratkorn.at\/home\/wp-content\/uploads\/2024\/12\/IMG_8756-150x113.jpg 150w, https:\/\/www.feuerwehr-gratkorn.at\/home\/wp-content\/uploads\/2024\/12\/IMG_8756-300x225.jpg 300w, https:\/\/www.feuerwehr-gratkorn.at\/home\/wp-content\/uploads\/2024\/12\/IMG_8756-720x540.jpg 720w, https:\/\/www.feuerwehr-gratkorn.at\/home\/wp-content\/uploads\/2024\/12\/IMG_8756-768x576.jpg 768w, https:\/\/www.feuerwehr-gratkorn.at\/home\/wp-content\/uploads\/2024\/12\/IMG_8756.jpg 1024w\" sizes=\"auto, (max-width: 150px) 100vw, 150px\" \/><\/a>\n\t\t\t<\/dt><\/dl><br style=\"clear: both\" \/><dl class='gallery-item'>\n\t\t\t<dt class='gallery-icon landscape'>\n\t\t\t\t<a href='https:\/\/www.feuerwehr-gratkorn.at\/home\/wp-content\/uploads\/2024\/12\/IMG_8753.jpg'><img loading=\"lazy\" decoding=\"async\" width=\"150\" height=\"113\" src=\"https:\/\/www.feuerwehr-gratkorn.at\/home\/wp-content\/uploads\/2024\/12\/IMG_8753-150x113.jpg\" class=\"attachment-thumbnail size-thumbnail\" alt=\"\" srcset=\"https:\/\/www.feuerwehr-gratkorn.at\/home\/wp-content\/uploads\/2024\/12\/IMG_8753-150x113.jpg 150w, https:\/\/www.feuerwehr-gratkorn.at\/home\/wp-content\/uploads\/2024\/12\/IMG_8753-300x225.jpg 300w, https:\/\/www.feuerwehr-gratkorn.at\/home\/wp-content\/uploads\/2024\/12\/IMG_8753-720x540.jpg 720w, https:\/\/www.feuerwehr-gratkorn.at\/home\/wp-content\/uploads\/2024\/12\/IMG_8753-768x576.jpg 768w, https:\/\/www.feuerwehr-gratkorn.at\/home\/wp-content\/uploads\/2024\/12\/IMG_8753.jpg 1024w\" sizes=\"auto, (max-width: 150px) 100vw, 150px\" \/><\/a>\n\t\t\t<\/dt><\/dl><dl class='gallery-item'>\n\t\t\t<dt class='gallery-icon landscape'>\n\t\t\t\t<a href='https:\/\/www.feuerwehr-gratkorn.at\/home\/wp-content\/uploads\/2024\/12\/IMG_8749.jpg'><img loading=\"lazy\" decoding=\"async\" width=\"150\" height=\"113\" src=\"https:\/\/www.feuerwehr-gratkorn.at\/home\/wp-content\/uploads\/2024\/12\/IMG_8749-150x113.jpg\" class=\"attachment-thumbnail size-thumbnail\" alt=\"\" srcset=\"https:\/\/www.feuerwehr-gratkorn.at\/home\/wp-content\/uploads\/2024\/12\/IMG_8749-150x113.jpg 150w, https:\/\/www.feuerwehr-gratkorn.at\/home\/wp-content\/uploads\/2024\/12\/IMG_8749-300x225.jpg 300w, https:\/\/www.feuerwehr-gratkorn.at\/home\/wp-content\/uploads\/2024\/12\/IMG_8749-720x540.jpg 720w, https:\/\/www.feuerwehr-gratkorn.at\/home\/wp-content\/uploads\/2024\/12\/IMG_8749-768x576.jpg 768w, https:\/\/www.feuerwehr-gratkorn.at\/home\/wp-content\/uploads\/2024\/12\/IMG_8749.jpg 1024w\" sizes=\"auto, (max-width: 150px) 100vw, 150px\" \/><\/a>\n\t\t\t<\/dt><\/dl><dl class='gallery-item'>\n\t\t\t<dt class='gallery-icon landscape'>\n\t\t\t\t<a href='https:\/\/www.feuerwehr-gratkorn.at\/home\/wp-content\/uploads\/2024\/12\/IMG_8740.jpg'><img loading=\"lazy\" decoding=\"async\" width=\"150\" height=\"113\" src=\"https:\/\/www.feuerwehr-gratkorn.at\/home\/wp-content\/uploads\/2024\/12\/IMG_8740-150x113.jpg\" class=\"attachment-thumbnail size-thumbnail\" alt=\"\" srcset=\"https:\/\/www.feuerwehr-gratkorn.at\/home\/wp-content\/uploads\/2024\/12\/IMG_8740-150x113.jpg 150w, https:\/\/www.feuerwehr-gratkorn.at\/home\/wp-content\/uploads\/2024\/12\/IMG_8740-300x225.jpg 300w, https:\/\/www.feuerwehr-gratkorn.at\/home\/wp-content\/uploads\/2024\/12\/IMG_8740-720x540.jpg 720w, https:\/\/www.feuerwehr-gratkorn.at\/home\/wp-content\/uploads\/2024\/12\/IMG_8740-768x576.jpg 768w, https:\/\/www.feuerwehr-gratkorn.at\/home\/wp-content\/uploads\/2024\/12\/IMG_8740.jpg 1024w\" sizes=\"auto, (max-width: 150px) 100vw, 150px\" \/><\/a>\n\t\t\t<\/dt><\/dl><br style=\"clear: both\" \/><dl class='gallery-item'>\n\t\t\t<dt class='gallery-icon landscape'>\n\t\t\t\t<a href='https:\/\/www.feuerwehr-gratkorn.at\/home\/wp-content\/uploads\/2024\/12\/IMG_8737.jpg'><img loading=\"lazy\" decoding=\"async\" width=\"150\" height=\"113\" src=\"https:\/\/www.feuerwehr-gratkorn.at\/home\/wp-content\/uploads\/2024\/12\/IMG_8737-150x113.jpg\" class=\"attachment-thumbnail size-thumbnail\" alt=\"\" srcset=\"https:\/\/www.feuerwehr-gratkorn.at\/home\/wp-content\/uploads\/2024\/12\/IMG_8737-150x113.jpg 150w, https:\/\/www.feuerwehr-gratkorn.at\/home\/wp-content\/uploads\/2024\/12\/IMG_8737-300x225.jpg 300w, https:\/\/www.feuerwehr-gratkorn.at\/home\/wp-content\/uploads\/2024\/12\/IMG_8737-720x540.jpg 720w, https:\/\/www.feuerwehr-gratkorn.at\/home\/wp-content\/uploads\/2024\/12\/IMG_8737-768x576.jpg 768w, https:\/\/www.feuerwehr-gratkorn.at\/home\/wp-content\/uploads\/2024\/12\/IMG_8737.jpg 1024w\" sizes=\"auto, (max-width: 150px) 100vw, 150px\" \/><\/a>\n\t\t\t<\/dt><\/dl><dl class='gallery-item'>\n\t\t\t<dt class='gallery-icon landscape'>\n\t\t\t\t<a href='https:\/\/www.feuerwehr-gratkorn.at\/home\/wp-content\/uploads\/2024\/12\/IMG_8736.jpg'><img loading=\"lazy\" decoding=\"async\" width=\"150\" height=\"113\" src=\"https:\/\/www.feuerwehr-gratkorn.at\/home\/wp-content\/uploads\/2024\/12\/IMG_8736-150x113.jpg\" class=\"attachment-thumbnail size-thumbnail\" alt=\"\" srcset=\"https:\/\/www.feuerwehr-gratkorn.at\/home\/wp-content\/uploads\/2024\/12\/IMG_8736-150x113.jpg 150w, https:\/\/www.feuerwehr-gratkorn.at\/home\/wp-content\/uploads\/2024\/12\/IMG_8736-300x225.jpg 300w, https:\/\/www.feuerwehr-gratkorn.at\/home\/wp-content\/uploads\/2024\/12\/IMG_8736-720x540.jpg 720w, https:\/\/www.feuerwehr-gratkorn.at\/home\/wp-content\/uploads\/2024\/12\/IMG_8736-768x576.jpg 768w, https:\/\/www.feuerwehr-gratkorn.at\/home\/wp-content\/uploads\/2024\/12\/IMG_8736.jpg 1024w\" sizes=\"auto, (max-width: 150px) 100vw, 150px\" \/><\/a>\n\t\t\t<\/dt><\/dl><dl class='gallery-item'>\n\t\t\t<dt class='gallery-icon landscape'>\n\t\t\t\t<a href='https:\/\/www.feuerwehr-gratkorn.at\/home\/wp-content\/uploads\/2024\/12\/IMG_8733.jpg'><img loading=\"lazy\" decoding=\"async\" width=\"150\" height=\"113\" src=\"https:\/\/www.feuerwehr-gratkorn.at\/home\/wp-content\/uploads\/2024\/12\/IMG_8733-150x113.jpg\" class=\"attachment-thumbnail size-thumbnail\" alt=\"\" srcset=\"https:\/\/www.feuerwehr-gratkorn.at\/home\/wp-content\/uploads\/2024\/12\/IMG_8733-150x113.jpg 150w, https:\/\/www.feuerwehr-gratkorn.at\/home\/wp-content\/uploads\/2024\/12\/IMG_8733-300x225.jpg 300w, https:\/\/www.feuerwehr-gratkorn.at\/home\/wp-content\/uploads\/2024\/12\/IMG_8733-720x540.jpg 720w, https:\/\/www.feuerwehr-gratkorn.at\/home\/wp-content\/uploads\/2024\/12\/IMG_8733-768x576.jpg 768w, https:\/\/www.feuerwehr-gratkorn.at\/home\/wp-content\/uploads\/2024\/12\/IMG_8733.jpg 1024w\" sizes=\"auto, (max-width: 150px) 100vw, 150px\" \/><\/a>\n\t\t\t<\/dt><\/dl><br style=\"clear: both\" \/><dl class='gallery-item'>\n\t\t\t<dt class='gallery-icon landscape'>\n\t\t\t\t<a href='https:\/\/www.feuerwehr-gratkorn.at\/home\/wp-content\/uploads\/2024\/12\/IMG_8748.jpg'><img loading=\"lazy\" decoding=\"async\" width=\"150\" height=\"113\" src=\"https:\/\/www.feuerwehr-gratkorn.at\/home\/wp-content\/uploads\/2024\/12\/IMG_8748-150x113.jpg\" class=\"attachment-thumbnail size-thumbnail\" alt=\"\" srcset=\"https:\/\/www.feuerwehr-gratkorn.at\/home\/wp-content\/uploads\/2024\/12\/IMG_8748-150x113.jpg 150w, https:\/\/www.feuerwehr-gratkorn.at\/home\/wp-content\/uploads\/2024\/12\/IMG_8748-300x225.jpg 300w, https:\/\/www.feuerwehr-gratkorn.at\/home\/wp-content\/uploads\/2024\/12\/IMG_8748-720x540.jpg 720w, https:\/\/www.feuerwehr-gratkorn.at\/home\/wp-content\/uploads\/2024\/12\/IMG_8748-768x576.jpg 768w, https:\/\/www.feuerwehr-gratkorn.at\/home\/wp-content\/uploads\/2024\/12\/IMG_8748.jpg 1024w\" sizes=\"auto, (max-width: 150px) 100vw, 150px\" \/><\/a>\n\t\t\t<\/dt><\/dl>\n\t\t\t<br style='clear: both' \/>\n\t\t<\/div>\n\n","protected":false},"excerpt":{"rendered":"<p>Datum: \u00a0 31.12.2024 Einsatzzeit: \u00a0 18:12 &#8211; 19:30 Eingesetzte Fahrzeuge: MTF TLF-A 3000\/200 KRF-S Tunnel HLF 3 BLF-C Weitere Einheiten: Polizei Die Freiwillige Feuerwehr Gratkorn-Mark wurde mittels Sirenenalarm zu einem Heckenbrand Am Hartboden alarmiert. Beim Eintreffen brannte die Hecke auf einer L\u00e4nge von ca. 11m, erste L\u00f6schversuche wurden bereits durch die Bewohner durchgef\u00fchrt. Die Brandbek\u00e4mpfung [&hellip;]<\/p>\n","protected":false},"author":10,"featured_media":12563,"comment_status":"open","ping_status":"open","sticky":false,"template":"","format":"standard","meta":{"footnotes":""},"categories":[110,106],"tags":[],"class_list":["post-12551","post","type-post","status-publish","format-standard","has-post-thumbnail","hentry","category-4-quartal-2024","category-einsaetze-2024"],"yoast_head":"<!-- This site is optimized with the Yoast SEO plugin v26.9 - https:\/\/yoast.com\/product\/yoast-seo-wordpress\/ -->\n<title>B09 Heckenbrand | Am Hartboden - Freiwillige Feuerwehr Gratkorn - Markt<\/title>\n<meta name=\"robots\" content=\"index, follow, max-snippet:-1, max-image-preview:large, max-video-preview:-1\" \/>\n<link rel=\"canonical\" href=\"https:\/\/www.feuerwehr-gratkorn.at\/home\/einsaetze-2024\/12551\/\" \/>\n<meta property=\"og:locale\" content=\"de_DE\" \/>\n<meta property=\"og:type\" content=\"article\" \/>\n<meta property=\"og:title\" content=\"B09 Heckenbrand | Am Hartboden - Freiwillige Feuerwehr Gratkorn - Markt\" \/>\n<meta property=\"og:description\" content=\"Datum: \u00a0 31.12.2024 Einsatzzeit: \u00a0 18:12 &#8211; 19:30 Eingesetzte Fahrzeuge: MTF TLF-A 3000\/200 KRF-S Tunnel HLF 3 BLF-C Weitere Einheiten: Polizei Die Freiwillige Feuerwehr Gratkorn-Mark wurde mittels Sirenenalarm zu einem Heckenbrand Am Hartboden alarmiert. Beim Eintreffen brannte die Hecke auf einer L\u00e4nge von ca. 11m, erste L\u00f6schversuche wurden bereits durch die Bewohner durchgef\u00fchrt. Die Brandbek\u00e4mpfung [&hellip;]\" \/>\n<meta property=\"og:url\" content=\"https:\/\/www.feuerwehr-gratkorn.at\/home\/einsaetze-2024\/12551\/\" \/>\n<meta property=\"og:site_name\" content=\"Freiwillige Feuerwehr Gratkorn - Markt\" \/>\n<meta property=\"article:publisher\" content=\"https:\/\/www.facebook.com\/FeuerwehrGratkorn\" \/>\n<meta property=\"article:published_time\" content=\"2024-12-31T18:42:22+00:00\" \/>\n<meta property=\"article:modified_time\" content=\"2025-01-01T08:53:22+00:00\" \/>\n<meta property=\"og:image\" content=\"https:\/\/www.feuerwehr-gratkorn.at\/home\/wp-content\/uploads\/2024\/12\/747ba4cf-ac34-4989-b645-d6b74f94d7b5-scaled.jpeg\" \/>\n\t<meta property=\"og:image:width\" content=\"2560\" \/>\n\t<meta property=\"og:image:height\" content=\"1920\" \/>\n\t<meta property=\"og:image:type\" content=\"image\/jpeg\" \/>\n<meta name=\"author\" content=\"Armin Gaar\" \/>\n<meta name=\"twitter:card\" content=\"summary_large_image\" \/>\n<meta name=\"twitter:label1\" content=\"Verfasst von\" \/>\n\t<meta name=\"twitter:data1\" content=\"Armin Gaar\" \/>\n\t<meta name=\"twitter:label2\" content=\"Gesch\u00e4tzte Lesezeit\" \/>\n\t<meta name=\"twitter:data2\" content=\"1\u00a0Minute\" \/>\n<script type=\"application\/ld+json\" class=\"yoast-schema-graph\">{\"@context\":\"https:\/\/schema.org\",\"@graph\":[{\"@type\":\"Article\",\"@id\":\"https:\/\/www.feuerwehr-gratkorn.at\/home\/einsaetze-2024\/12551\/#article\",\"isPartOf\":{\"@id\":\"https:\/\/www.feuerwehr-gratkorn.at\/home\/einsaetze-2024\/12551\/\"},\"author\":{\"name\":\"Armin Gaar\",\"@id\":\"https:\/\/www.feuerwehr-gratkorn.at\/home\/#\/schema\/person\/4b47f91965b40c19a4adba942fd6b247\"},\"headline\":\"B09 Heckenbrand | Am Hartboden\",\"datePublished\":\"2024-12-31T18:42:22+00:00\",\"dateModified\":\"2025-01-01T08:53:22+00:00\",\"mainEntityOfPage\":{\"@id\":\"https:\/\/www.feuerwehr-gratkorn.at\/home\/einsaetze-2024\/12551\/\"},\"wordCount\":89,\"commentCount\":0,\"publisher\":{\"@id\":\"https:\/\/www.feuerwehr-gratkorn.at\/home\/#organization\"},\"image\":{\"@id\":\"https:\/\/www.feuerwehr-gratkorn.at\/home\/einsaetze-2024\/12551\/#primaryimage\"},\"thumbnailUrl\":\"https:\/\/www.feuerwehr-gratkorn.at\/home\/wp-content\/uploads\/2024\/12\/747ba4cf-ac34-4989-b645-d6b74f94d7b5-scaled.jpeg\",\"articleSection\":[\"4. Quartal 2024\",\"Eins\u00e4tze 2024\"],\"inLanguage\":\"de\",\"potentialAction\":[{\"@type\":\"CommentAction\",\"name\":\"Comment\",\"target\":[\"https:\/\/www.feuerwehr-gratkorn.at\/home\/einsaetze-2024\/12551\/#respond\"]}]},{\"@type\":\"WebPage\",\"@id\":\"https:\/\/www.feuerwehr-gratkorn.at\/home\/einsaetze-2024\/12551\/\",\"url\":\"https:\/\/www.feuerwehr-gratkorn.at\/home\/einsaetze-2024\/12551\/\",\"name\":\"B09 Heckenbrand | Am Hartboden - Freiwillige Feuerwehr Gratkorn - Markt\",\"isPartOf\":{\"@id\":\"https:\/\/www.feuerwehr-gratkorn.at\/home\/#website\"},\"primaryImageOfPage\":{\"@id\":\"https:\/\/www.feuerwehr-gratkorn.at\/home\/einsaetze-2024\/12551\/#primaryimage\"},\"image\":{\"@id\":\"https:\/\/www.feuerwehr-gratkorn.at\/home\/einsaetze-2024\/12551\/#primaryimage\"},\"thumbnailUrl\":\"https:\/\/www.feuerwehr-gratkorn.at\/home\/wp-content\/uploads\/2024\/12\/747ba4cf-ac34-4989-b645-d6b74f94d7b5-scaled.jpeg\",\"datePublished\":\"2024-12-31T18:42:22+00:00\",\"dateModified\":\"2025-01-01T08:53:22+00:00\",\"breadcrumb\":{\"@id\":\"https:\/\/www.feuerwehr-gratkorn.at\/home\/einsaetze-2024\/12551\/#breadcrumb\"},\"inLanguage\":\"de\",\"potentialAction\":[{\"@type\":\"ReadAction\",\"target\":[\"https:\/\/www.feuerwehr-gratkorn.at\/home\/einsaetze-2024\/12551\/\"]}]},{\"@type\":\"ImageObject\",\"inLanguage\":\"de\",\"@id\":\"https:\/\/www.feuerwehr-gratkorn.at\/home\/einsaetze-2024\/12551\/#primaryimage\",\"url\":\"https:\/\/www.feuerwehr-gratkorn.at\/home\/wp-content\/uploads\/2024\/12\/747ba4cf-ac34-4989-b645-d6b74f94d7b5-scaled.jpeg\",\"contentUrl\":\"https:\/\/www.feuerwehr-gratkorn.at\/home\/wp-content\/uploads\/2024\/12\/747ba4cf-ac34-4989-b645-d6b74f94d7b5-scaled.jpeg\",\"width\":2560,\"height\":1920},{\"@type\":\"BreadcrumbList\",\"@id\":\"https:\/\/www.feuerwehr-gratkorn.at\/home\/einsaetze-2024\/12551\/#breadcrumb\",\"itemListElement\":[{\"@type\":\"ListItem\",\"position\":1,\"name\":\"Startseite\",\"item\":\"https:\/\/www.feuerwehr-gratkorn.at\/home\/\"},{\"@type\":\"ListItem\",\"position\":2,\"name\":\"B09 Heckenbrand | Am Hartboden\"}]},{\"@type\":\"WebSite\",\"@id\":\"https:\/\/www.feuerwehr-gratkorn.at\/home\/#website\",\"url\":\"https:\/\/www.feuerwehr-gratkorn.at\/home\/\",\"name\":\"Freiwillige Feuerwehr Gratkorn - Markt\",\"description\":\"Unsere Freizeit f\u00fcr Ihre Sicherheit\",\"publisher\":{\"@id\":\"https:\/\/www.feuerwehr-gratkorn.at\/home\/#organization\"},\"potentialAction\":[{\"@type\":\"SearchAction\",\"target\":{\"@type\":\"EntryPoint\",\"urlTemplate\":\"https:\/\/www.feuerwehr-gratkorn.at\/home\/?s={search_term_string}\"},\"query-input\":{\"@type\":\"PropertyValueSpecification\",\"valueRequired\":true,\"valueName\":\"search_term_string\"}}],\"inLanguage\":\"de\"},{\"@type\":\"Organization\",\"@id\":\"https:\/\/www.feuerwehr-gratkorn.at\/home\/#organization\",\"name\":\"Freiwillige Feuerwehr Gratkorn - Markt\",\"url\":\"https:\/\/www.feuerwehr-gratkorn.at\/home\/\",\"logo\":{\"@type\":\"ImageObject\",\"inLanguage\":\"de\",\"@id\":\"https:\/\/www.feuerwehr-gratkorn.at\/home\/#\/schema\/logo\/image\/\",\"url\":\"https:\/\/www.feuerwehr-gratkorn.at\/home\/wp-content\/uploads\/2017\/01\/feuerwehrlogo.png\",\"contentUrl\":\"https:\/\/www.feuerwehr-gratkorn.at\/home\/wp-content\/uploads\/2017\/01\/feuerwehrlogo.png\",\"width\":225,\"height\":225,\"caption\":\"Freiwillige Feuerwehr Gratkorn - Markt\"},\"image\":{\"@id\":\"https:\/\/www.feuerwehr-gratkorn.at\/home\/#\/schema\/logo\/image\/\"},\"sameAs\":[\"https:\/\/www.facebook.com\/FeuerwehrGratkorn\",\"https:\/\/www.youtube.com\/channel\/UCzJVDxEgwKg6lxZNPn3A3AQ\"]},{\"@type\":\"Person\",\"@id\":\"https:\/\/www.feuerwehr-gratkorn.at\/home\/#\/schema\/person\/4b47f91965b40c19a4adba942fd6b247\",\"name\":\"Armin Gaar\",\"image\":{\"@type\":\"ImageObject\",\"inLanguage\":\"de\",\"@id\":\"https:\/\/www.feuerwehr-gratkorn.at\/home\/#\/schema\/person\/image\/\",\"url\":\"https:\/\/secure.gravatar.com\/avatar\/2365d2f4cc6afb3c7897012c4fa266d150b0929b399de35c7db4298d95ec1ba4?s=96&d=mm&r=g\",\"contentUrl\":\"https:\/\/secure.gravatar.com\/avatar\/2365d2f4cc6afb3c7897012c4fa266d150b0929b399de35c7db4298d95ec1ba4?s=96&d=mm&r=g\",\"caption\":\"Armin Gaar\"}}]}<\/script>\n<!-- \/ Yoast SEO plugin. -->","yoast_head_json":{"title":"B09 Heckenbrand | Am Hartboden - Freiwillige Feuerwehr Gratkorn - Markt","robots":{"index":"index","follow":"follow","max-snippet":"max-snippet:-1","max-image-preview":"max-image-preview:large","max-video-preview":"max-video-preview:-1"},"canonical":"https:\/\/www.feuerwehr-gratkorn.at\/home\/einsaetze-2024\/12551\/","og_locale":"de_DE","og_type":"article","og_title":"B09 Heckenbrand | Am Hartboden - Freiwillige Feuerwehr Gratkorn - Markt","og_description":"Datum: \u00a0 31.12.2024 Einsatzzeit: \u00a0 18:12 &#8211; 19:30 Eingesetzte Fahrzeuge: MTF TLF-A 3000\/200 KRF-S Tunnel HLF 3 BLF-C Weitere Einheiten: Polizei Die Freiwillige Feuerwehr Gratkorn-Mark wurde mittels Sirenenalarm zu einem Heckenbrand Am Hartboden alarmiert. Beim Eintreffen brannte die Hecke auf einer L\u00e4nge von ca. 11m, erste L\u00f6schversuche wurden bereits durch die Bewohner durchgef\u00fchrt. Die Brandbek\u00e4mpfung [&hellip;]","og_url":"https:\/\/www.feuerwehr-gratkorn.at\/home\/einsaetze-2024\/12551\/","og_site_name":"Freiwillige Feuerwehr Gratkorn - Markt","article_publisher":"https:\/\/www.facebook.com\/FeuerwehrGratkorn","article_published_time":"2024-12-31T18:42:22+00:00","article_modified_time":"2025-01-01T08:53:22+00:00","og_image":[{"width":2560,"height":1920,"url":"https:\/\/www.feuerwehr-gratkorn.at\/home\/wp-content\/uploads\/2024\/12\/747ba4cf-ac34-4989-b645-d6b74f94d7b5-scaled.jpeg","type":"image\/jpeg"}],"author":"Armin Gaar","twitter_card":"summary_large_image","twitter_misc":{"Verfasst von":"Armin Gaar","Gesch\u00e4tzte Lesezeit":"1\u00a0Minute"},"schema":{"@context":"https:\/\/schema.org","@graph":[{"@type":"Article","@id":"https:\/\/www.feuerwehr-gratkorn.at\/home\/einsaetze-2024\/12551\/#article","isPartOf":{"@id":"https:\/\/www.feuerwehr-gratkorn.at\/home\/einsaetze-2024\/12551\/"},"author":{"name":"Armin Gaar","@id":"https:\/\/www.feuerwehr-gratkorn.at\/home\/#\/schema\/person\/4b47f91965b40c19a4adba942fd6b247"},"headline":"B09 Heckenbrand | Am Hartboden","datePublished":"2024-12-31T18:42:22+00:00","dateModified":"2025-01-01T08:53:22+00:00","mainEntityOfPage":{"@id":"https:\/\/www.feuerwehr-gratkorn.at\/home\/einsaetze-2024\/12551\/"},"wordCount":89,"commentCount":0,"publisher":{"@id":"https:\/\/www.feuerwehr-gratkorn.at\/home\/#organization"},"image":{"@id":"https:\/\/www.feuerwehr-gratkorn.at\/home\/einsaetze-2024\/12551\/#primaryimage"},"thumbnailUrl":"https:\/\/www.feuerwehr-gratkorn.at\/home\/wp-content\/uploads\/2024\/12\/747ba4cf-ac34-4989-b645-d6b74f94d7b5-scaled.jpeg","articleSection":["4. Quartal 2024","Eins\u00e4tze 2024"],"inLanguage":"de","potentialAction":[{"@type":"CommentAction","name":"Comment","target":["https:\/\/www.feuerwehr-gratkorn.at\/home\/einsaetze-2024\/12551\/#respond"]}]},{"@type":"WebPage","@id":"https:\/\/www.feuerwehr-gratkorn.at\/home\/einsaetze-2024\/12551\/","url":"https:\/\/www.feuerwehr-gratkorn.at\/home\/einsaetze-2024\/12551\/","name":"B09 Heckenbrand | Am Hartboden - Freiwillige Feuerwehr Gratkorn - Markt","isPartOf":{"@id":"https:\/\/www.feuerwehr-gratkorn.at\/home\/#website"},"primaryImageOfPage":{"@id":"https:\/\/www.feuerwehr-gratkorn.at\/home\/einsaetze-2024\/12551\/#primaryimage"},"image":{"@id":"https:\/\/www.feuerwehr-gratkorn.at\/home\/einsaetze-2024\/12551\/#primaryimage"},"thumbnailUrl":"https:\/\/www.feuerwehr-gratkorn.at\/home\/wp-content\/uploads\/2024\/12\/747ba4cf-ac34-4989-b645-d6b74f94d7b5-scaled.jpeg","datePublished":"2024-12-31T18:42:22+00:00","dateModified":"2025-01-01T08:53:22+00:00","breadcrumb":{"@id":"https:\/\/www.feuerwehr-gratkorn.at\/home\/einsaetze-2024\/12551\/#breadcrumb"},"inLanguage":"de","potentialAction":[{"@type":"ReadAction","target":["https:\/\/www.feuerwehr-gratkorn.at\/home\/einsaetze-2024\/12551\/"]}]},{"@type":"ImageObject","inLanguage":"de","@id":"https:\/\/www.feuerwehr-gratkorn.at\/home\/einsaetze-2024\/12551\/#primaryimage","url":"https:\/\/www.feuerwehr-gratkorn.at\/home\/wp-content\/uploads\/2024\/12\/747ba4cf-ac34-4989-b645-d6b74f94d7b5-scaled.jpeg","contentUrl":"https:\/\/www.feuerwehr-gratkorn.at\/home\/wp-content\/uploads\/2024\/12\/747ba4cf-ac34-4989-b645-d6b74f94d7b5-scaled.jpeg","width":2560,"height":1920},{"@type":"BreadcrumbList","@id":"https:\/\/www.feuerwehr-gratkorn.at\/home\/einsaetze-2024\/12551\/#breadcrumb","itemListElement":[{"@type":"ListItem","position":1,"name":"Startseite","item":"https:\/\/www.feuerwehr-gratkorn.at\/home\/"},{"@type":"ListItem","position":2,"name":"B09 Heckenbrand | Am Hartboden"}]},{"@type":"WebSite","@id":"https:\/\/www.feuerwehr-gratkorn.at\/home\/#website","url":"https:\/\/www.feuerwehr-gratkorn.at\/home\/","name":"Freiwillige Feuerwehr Gratkorn - Markt","description":"Unsere Freizeit f\u00fcr Ihre Sicherheit","publisher":{"@id":"https:\/\/www.feuerwehr-gratkorn.at\/home\/#organization"},"potentialAction":[{"@type":"SearchAction","target":{"@type":"EntryPoint","urlTemplate":"https:\/\/www.feuerwehr-gratkorn.at\/home\/?s={search_term_string}"},"query-input":{"@type":"PropertyValueSpecification","valueRequired":true,"valueName":"search_term_string"}}],"inLanguage":"de"},{"@type":"Organization","@id":"https:\/\/www.feuerwehr-gratkorn.at\/home\/#organization","name":"Freiwillige Feuerwehr Gratkorn - Markt","url":"https:\/\/www.feuerwehr-gratkorn.at\/home\/","logo":{"@type":"ImageObject","inLanguage":"de","@id":"https:\/\/www.feuerwehr-gratkorn.at\/home\/#\/schema\/logo\/image\/","url":"https:\/\/www.feuerwehr-gratkorn.at\/home\/wp-content\/uploads\/2017\/01\/feuerwehrlogo.png","contentUrl":"https:\/\/www.feuerwehr-gratkorn.at\/home\/wp-content\/uploads\/2017\/01\/feuerwehrlogo.png","width":225,"height":225,"caption":"Freiwillige Feuerwehr Gratkorn - Markt"},"image":{"@id":"https:\/\/www.feuerwehr-gratkorn.at\/home\/#\/schema\/logo\/image\/"},"sameAs":["https:\/\/www.facebook.com\/FeuerwehrGratkorn","https:\/\/www.youtube.com\/channel\/UCzJVDxEgwKg6lxZNPn3A3AQ"]},{"@type":"Person","@id":"https:\/\/www.feuerwehr-gratkorn.at\/home\/#\/schema\/person\/4b47f91965b40c19a4adba942fd6b247","name":"Armin Gaar","image":{"@type":"ImageObject","inLanguage":"de","@id":"https:\/\/www.feuerwehr-gratkorn.at\/home\/#\/schema\/person\/image\/","url":"https:\/\/secure.gravatar.com\/avatar\/2365d2f4cc6afb3c7897012c4fa266d150b0929b399de35c7db4298d95ec1ba4?s=96&d=mm&r=g","contentUrl":"https:\/\/secure.gravatar.com\/avatar\/2365d2f4cc6afb3c7897012c4fa266d150b0929b399de35c7db4298d95ec1ba4?s=96&d=mm&r=g","caption":"Armin Gaar"}}]}},"_links":{"self":[{"href":"https:\/\/www.feuerwehr-gratkorn.at\/home\/wp-json\/wp\/v2\/posts\/12551","targetHints":{"allow":["GET"]}}],"collection":[{"href":"https:\/\/www.feuerwehr-gratkorn.at\/home\/wp-json\/wp\/v2\/posts"}],"about":[{"href":"https:\/\/www.feuerwehr-gratkorn.at\/home\/wp-json\/wp\/v2\/types\/post"}],"author":[{"embeddable":true,"href":"https:\/\/www.feuerwehr-gratkorn.at\/home\/wp-json\/wp\/v2\/users\/10"}],"replies":[{"embeddable":true,"href":"https:\/\/www.feuerwehr-gratkorn.at\/home\/wp-json\/wp\/v2\/comments?post=12551"}],"version-history":[{"count":6,"href":"https:\/\/www.feuerwehr-gratkorn.at\/home\/wp-json\/wp\/v2\/posts\/12551\/revisions"}],"predecessor-version":[{"id":12572,"href":"https:\/\/www.feuerwehr-gratkorn.at\/home\/wp-json\/wp\/v2\/posts\/12551\/revisions\/12572"}],"wp:featuredmedia":[{"embeddable":true,"href":"https:\/\/www.feuerwehr-gratkorn.at\/home\/wp-json\/wp\/v2\/media\/12563"}],"wp:attachment":[{"href":"https:\/\/www.feuerwehr-gratkorn.at\/home\/wp-json\/wp\/v2\/media?parent=12551"}],"wp:term":[{"taxonomy":"category","embeddable":true,"href":"https:\/\/www.feuerwehr-gratkorn.at\/home\/wp-json\/wp\/v2\/categories?post=12551"},{"taxonomy":"post_tag","embeddable":true,"href":"https:\/\/www.feuerwehr-gratkorn.at\/home\/wp-json\/wp\/v2\/tags?post=12551"}],"curies":[{"name":"wp","href":"https:\/\/api.w.org\/{rel}","templated":true}]}}