{"id":12609,"date":"2025-01-19T15:20:40","date_gmt":"2025-01-19T15:20:40","guid":{"rendered":"https:\/\/www.feuerwehr-gratkorn.at\/home\/?p=12609"},"modified":"2025-01-19T15:20:40","modified_gmt":"2025-01-19T15:20:40","slug":"tryoutday-2021-2-2-3-2-2-3-2-2-2-2-2-2-2-3-2-2-2-3-3-2-2-2-2-2-2-2-2-2","status":"publish","type":"post","link":"https:\/\/www.feuerwehr-gratkorn.at\/home\/veranstaltungen-2025\/12609\/","title":{"rendered":"Kameradschaftsstockschie\u00dfen 2025"},"content":{"rendered":"<table style=\"width: 100%; height: 71px;\">\n<tbody>\n<tr style=\"height: 46px;\">\n<td style=\"width: 15.7143%; height: 48px;\"><strong>Thema:<\/strong><\/td>\n<td style=\"width: 83.333333%; height: 48px;\">\u00a0Kameradschaftspflege beim Stockschie\u00dfen<\/td>\n<\/tr>\n<tr style=\"height: 23px;\">\n<td style=\"width: 15.7143%; height: 23px;\"><strong>Datum:<\/strong><\/td>\n<td style=\"width: 83.333333%; height: 23px;\">\u00a006.01.2025<\/td>\n<\/tr>\n<\/tbody>\n<\/table>\n<p><!--more--><\/p>\n<p>Auch dieses Jahr konnte der Zusammenhalt der Kameraden und Kameradinnen beim Stockschie\u00dfen im Sportstadion Gratkorn unter beweis gestellt, sowie gest\u00e4rkt werden. Besonders gefreut hat uns die Gesellschaft von unserem B\u00fcrgermeister Michael Feldgrill und unserem Vizeb\u00fcrgermeister G\u00fcnther Bauer. \u00a0<\/p>\n<p>Nach einem spannenden Duell der beiden Teams, genoss man einen gemeinsamen Nachmittag im Gasthaus H\u00f6chwirt.\u00a0<\/p>\n\n\t\t<style type=\"text\/css\">\n\t\t\t#gallery-1 {\n\t\t\t\tmargin: auto;\n\t\t\t}\n\t\t\t#gallery-1 .gallery-item {\n\t\t\t\tfloat: left;\n\t\t\t\tmargin-top: 10px;\n\t\t\t\ttext-align: center;\n\t\t\t\twidth: 33%;\n\t\t\t}\n\t\t\t#gallery-1 img {\n\t\t\t\tborder: 2px solid #cfcfcf;\n\t\t\t}\n\t\t\t#gallery-1 .gallery-caption {\n\t\t\t\tmargin-left: 0;\n\t\t\t}\n\t\t\t\/* see gallery_shortcode() in wp-includes\/media.php *\/\n\t\t<\/style>\n\t\t<div id='gallery-1' class='gallery galleryid-12609 gallery-columns-3 gallery-size-thumbnail'><dl class='gallery-item'>\n\t\t\t<dt class='gallery-icon landscape'>\n\t\t\t\t<a href='https:\/\/www.feuerwehr-gratkorn.at\/home\/wp-content\/uploads\/2025\/01\/IMG_9516.jpeg'><img loading=\"lazy\" decoding=\"async\" width=\"150\" height=\"81\" src=\"https:\/\/www.feuerwehr-gratkorn.at\/home\/wp-content\/uploads\/2025\/01\/IMG_9516-150x81.jpeg\" class=\"attachment-thumbnail size-thumbnail\" alt=\"\" srcset=\"https:\/\/www.feuerwehr-gratkorn.at\/home\/wp-content\/uploads\/2025\/01\/IMG_9516-150x81.jpeg 150w, https:\/\/www.feuerwehr-gratkorn.at\/home\/wp-content\/uploads\/2025\/01\/IMG_9516-300x161.jpeg 300w, https:\/\/www.feuerwehr-gratkorn.at\/home\/wp-content\/uploads\/2025\/01\/IMG_9516-720x387.jpeg 720w, https:\/\/www.feuerwehr-gratkorn.at\/home\/wp-content\/uploads\/2025\/01\/IMG_9516-768x413.jpeg 768w, https:\/\/www.feuerwehr-gratkorn.at\/home\/wp-content\/uploads\/2025\/01\/IMG_9516.jpeg 1149w\" sizes=\"auto, (max-width: 150px) 100vw, 150px\" \/><\/a>\n\t\t\t<\/dt><\/dl><dl class='gallery-item'>\n\t\t\t<dt class='gallery-icon landscape'>\n\t\t\t\t<a href='https:\/\/www.feuerwehr-gratkorn.at\/home\/wp-content\/uploads\/2025\/01\/IMG_9515.jpeg'><img loading=\"lazy\" decoding=\"async\" width=\"150\" height=\"84\" src=\"https:\/\/www.feuerwehr-gratkorn.at\/home\/wp-content\/uploads\/2025\/01\/IMG_9515-150x84.jpeg\" class=\"attachment-thumbnail size-thumbnail\" alt=\"\" srcset=\"https:\/\/www.feuerwehr-gratkorn.at\/home\/wp-content\/uploads\/2025\/01\/IMG_9515-150x84.jpeg 150w, https:\/\/www.feuerwehr-gratkorn.at\/home\/wp-content\/uploads\/2025\/01\/IMG_9515-300x167.jpeg 300w, https:\/\/www.feuerwehr-gratkorn.at\/home\/wp-content\/uploads\/2025\/01\/IMG_9515-720x401.jpeg 720w, https:\/\/www.feuerwehr-gratkorn.at\/home\/wp-content\/uploads\/2025\/01\/IMG_9515-768x428.jpeg 768w, https:\/\/www.feuerwehr-gratkorn.at\/home\/wp-content\/uploads\/2025\/01\/IMG_9515-450x250.jpeg 450w, https:\/\/www.feuerwehr-gratkorn.at\/home\/wp-content\/uploads\/2025\/01\/IMG_9515.jpeg 1284w\" sizes=\"auto, (max-width: 150px) 100vw, 150px\" \/><\/a>\n\t\t\t<\/dt><\/dl><dl class='gallery-item'>\n\t\t\t<dt class='gallery-icon landscape'>\n\t\t\t\t<a href='https:\/\/www.feuerwehr-gratkorn.at\/home\/wp-content\/uploads\/2025\/01\/IMG_9514.jpeg'><img loading=\"lazy\" decoding=\"async\" width=\"150\" height=\"80\" src=\"https:\/\/www.feuerwehr-gratkorn.at\/home\/wp-content\/uploads\/2025\/01\/IMG_9514-150x80.jpeg\" class=\"attachment-thumbnail size-thumbnail\" alt=\"\" srcset=\"https:\/\/www.feuerwehr-gratkorn.at\/home\/wp-content\/uploads\/2025\/01\/IMG_9514-150x80.jpeg 150w, https:\/\/www.feuerwehr-gratkorn.at\/home\/wp-content\/uploads\/2025\/01\/IMG_9514-300x161.jpeg 300w, https:\/\/www.feuerwehr-gratkorn.at\/home\/wp-content\/uploads\/2025\/01\/IMG_9514-720x386.jpeg 720w, https:\/\/www.feuerwehr-gratkorn.at\/home\/wp-content\/uploads\/2025\/01\/IMG_9514-768x412.jpeg 768w, https:\/\/www.feuerwehr-gratkorn.at\/home\/wp-content\/uploads\/2025\/01\/IMG_9514.jpeg 1284w\" sizes=\"auto, (max-width: 150px) 100vw, 150px\" \/><\/a>\n\t\t\t<\/dt><\/dl><br style=\"clear: both\" \/><dl class='gallery-item'>\n\t\t\t<dt class='gallery-icon landscape'>\n\t\t\t\t<a href='https:\/\/www.feuerwehr-gratkorn.at\/home\/wp-content\/uploads\/2025\/01\/IMG_9513.jpeg'><img loading=\"lazy\" decoding=\"async\" width=\"150\" height=\"81\" src=\"https:\/\/www.feuerwehr-gratkorn.at\/home\/wp-content\/uploads\/2025\/01\/IMG_9513-150x81.jpeg\" class=\"attachment-thumbnail size-thumbnail\" alt=\"\" srcset=\"https:\/\/www.feuerwehr-gratkorn.at\/home\/wp-content\/uploads\/2025\/01\/IMG_9513-150x81.jpeg 150w, https:\/\/www.feuerwehr-gratkorn.at\/home\/wp-content\/uploads\/2025\/01\/IMG_9513-300x163.jpeg 300w, https:\/\/www.feuerwehr-gratkorn.at\/home\/wp-content\/uploads\/2025\/01\/IMG_9513-720x390.jpeg 720w, https:\/\/www.feuerwehr-gratkorn.at\/home\/wp-content\/uploads\/2025\/01\/IMG_9513-768x416.jpeg 768w, https:\/\/www.feuerwehr-gratkorn.at\/home\/wp-content\/uploads\/2025\/01\/IMG_9513.jpeg 1284w\" sizes=\"auto, (max-width: 150px) 100vw, 150px\" \/><\/a>\n\t\t\t<\/dt><\/dl><dl class='gallery-item'>\n\t\t\t<dt class='gallery-icon landscape'>\n\t\t\t\t<a href='https:\/\/www.feuerwehr-gratkorn.at\/home\/wp-content\/uploads\/2025\/01\/IMG_9512.jpeg'><img loading=\"lazy\" decoding=\"async\" width=\"150\" height=\"84\" src=\"https:\/\/www.feuerwehr-gratkorn.at\/home\/wp-content\/uploads\/2025\/01\/IMG_9512-150x84.jpeg\" class=\"attachment-thumbnail size-thumbnail\" alt=\"\" srcset=\"https:\/\/www.feuerwehr-gratkorn.at\/home\/wp-content\/uploads\/2025\/01\/IMG_9512-150x84.jpeg 150w, https:\/\/www.feuerwehr-gratkorn.at\/home\/wp-content\/uploads\/2025\/01\/IMG_9512-300x168.jpeg 300w, https:\/\/www.feuerwehr-gratkorn.at\/home\/wp-content\/uploads\/2025\/01\/IMG_9512-720x404.jpeg 720w, https:\/\/www.feuerwehr-gratkorn.at\/home\/wp-content\/uploads\/2025\/01\/IMG_9512-768x431.jpeg 768w, https:\/\/www.feuerwehr-gratkorn.at\/home\/wp-content\/uploads\/2025\/01\/IMG_9512-450x250.jpeg 450w, https:\/\/www.feuerwehr-gratkorn.at\/home\/wp-content\/uploads\/2025\/01\/IMG_9512.jpeg 1284w\" sizes=\"auto, (max-width: 150px) 100vw, 150px\" \/><\/a>\n\t\t\t<\/dt><\/dl>\n\t\t\t<br style='clear: both' \/>\n\t\t<\/div>\n\n\n\n\n","protected":false},"excerpt":{"rendered":"<p>Thema: \u00a0Kameradschaftspflege beim Stockschie\u00dfen Datum: \u00a006.01.2025<\/p>\n","protected":false},"author":12,"featured_media":12615,"comment_status":"closed","ping_status":"open","sticky":false,"template":"","format":"standard","meta":{"footnotes":""},"categories":[119],"tags":[],"class_list":["post-12609","post","type-post","status-publish","format-standard","has-post-thumbnail","hentry","category-veranstaltungen-2025"],"yoast_head":"<!-- This site is optimized with the Yoast SEO plugin v26.9 - https:\/\/yoast.com\/product\/yoast-seo-wordpress\/ -->\n<title>Kameradschaftsstockschie\u00dfen 2025 - Freiwillige Feuerwehr Gratkorn - Markt<\/title>\n<meta name=\"robots\" content=\"index, follow, max-snippet:-1, max-image-preview:large, max-video-preview:-1\" \/>\n<link rel=\"canonical\" href=\"https:\/\/www.feuerwehr-gratkorn.at\/home\/veranstaltungen-2025\/12609\/\" \/>\n<meta property=\"og:locale\" content=\"de_DE\" \/>\n<meta property=\"og:type\" content=\"article\" \/>\n<meta property=\"og:title\" content=\"Kameradschaftsstockschie\u00dfen 2025 - Freiwillige Feuerwehr Gratkorn - Markt\" \/>\n<meta property=\"og:description\" content=\"Thema: \u00a0Kameradschaftspflege beim Stockschie\u00dfen Datum: \u00a006.01.2025\" \/>\n<meta property=\"og:url\" content=\"https:\/\/www.feuerwehr-gratkorn.at\/home\/veranstaltungen-2025\/12609\/\" \/>\n<meta property=\"og:site_name\" content=\"Freiwillige Feuerwehr Gratkorn - Markt\" \/>\n<meta property=\"article:publisher\" content=\"https:\/\/www.facebook.com\/FeuerwehrGratkorn\" \/>\n<meta property=\"article:published_time\" content=\"2025-01-19T15:20:40+00:00\" \/>\n<meta property=\"og:image\" content=\"https:\/\/www.feuerwehr-gratkorn.at\/home\/wp-content\/uploads\/2025\/01\/IMG_9516.jpeg\" \/>\n\t<meta property=\"og:image:width\" content=\"1149\" \/>\n\t<meta property=\"og:image:height\" content=\"618\" \/>\n\t<meta property=\"og:image:type\" content=\"image\/jpeg\" \/>\n<meta name=\"author\" content=\"Annika Cresnik\" \/>\n<meta name=\"twitter:card\" content=\"summary_large_image\" \/>\n<meta name=\"twitter:label1\" content=\"Verfasst von\" \/>\n\t<meta name=\"twitter:data1\" content=\"Annika Cresnik\" \/>\n\t<meta name=\"twitter:label2\" content=\"Gesch\u00e4tzte Lesezeit\" \/>\n\t<meta name=\"twitter:data2\" content=\"1\u00a0Minute\" \/>\n<script type=\"application\/ld+json\" class=\"yoast-schema-graph\">{\"@context\":\"https:\/\/schema.org\",\"@graph\":[{\"@type\":\"Article\",\"@id\":\"https:\/\/www.feuerwehr-gratkorn.at\/home\/veranstaltungen-2025\/12609\/#article\",\"isPartOf\":{\"@id\":\"https:\/\/www.feuerwehr-gratkorn.at\/home\/veranstaltungen-2025\/12609\/\"},\"author\":{\"name\":\"Annika Cresnik\",\"@id\":\"https:\/\/www.feuerwehr-gratkorn.at\/home\/#\/schema\/person\/e32d740d5e2b635405bee4eadaeea2e4\"},\"headline\":\"Kameradschaftsstockschie\u00dfen 2025\",\"datePublished\":\"2025-01-19T15:20:40+00:00\",\"mainEntityOfPage\":{\"@id\":\"https:\/\/www.feuerwehr-gratkorn.at\/home\/veranstaltungen-2025\/12609\/\"},\"wordCount\":70,\"publisher\":{\"@id\":\"https:\/\/www.feuerwehr-gratkorn.at\/home\/#organization\"},\"image\":{\"@id\":\"https:\/\/www.feuerwehr-gratkorn.at\/home\/veranstaltungen-2025\/12609\/#primaryimage\"},\"thumbnailUrl\":\"https:\/\/www.feuerwehr-gratkorn.at\/home\/wp-content\/uploads\/2025\/01\/IMG_9516.jpeg\",\"articleSection\":[\"Veranstaltungen 2025\"],\"inLanguage\":\"de\"},{\"@type\":\"WebPage\",\"@id\":\"https:\/\/www.feuerwehr-gratkorn.at\/home\/veranstaltungen-2025\/12609\/\",\"url\":\"https:\/\/www.feuerwehr-gratkorn.at\/home\/veranstaltungen-2025\/12609\/\",\"name\":\"Kameradschaftsstockschie\u00dfen 2025 - Freiwillige Feuerwehr Gratkorn - Markt\",\"isPartOf\":{\"@id\":\"https:\/\/www.feuerwehr-gratkorn.at\/home\/#website\"},\"primaryImageOfPage\":{\"@id\":\"https:\/\/www.feuerwehr-gratkorn.at\/home\/veranstaltungen-2025\/12609\/#primaryimage\"},\"image\":{\"@id\":\"https:\/\/www.feuerwehr-gratkorn.at\/home\/veranstaltungen-2025\/12609\/#primaryimage\"},\"thumbnailUrl\":\"https:\/\/www.feuerwehr-gratkorn.at\/home\/wp-content\/uploads\/2025\/01\/IMG_9516.jpeg\",\"datePublished\":\"2025-01-19T15:20:40+00:00\",\"breadcrumb\":{\"@id\":\"https:\/\/www.feuerwehr-gratkorn.at\/home\/veranstaltungen-2025\/12609\/#breadcrumb\"},\"inLanguage\":\"de\",\"potentialAction\":[{\"@type\":\"ReadAction\",\"target\":[\"https:\/\/www.feuerwehr-gratkorn.at\/home\/veranstaltungen-2025\/12609\/\"]}]},{\"@type\":\"ImageObject\",\"inLanguage\":\"de\",\"@id\":\"https:\/\/www.feuerwehr-gratkorn.at\/home\/veranstaltungen-2025\/12609\/#primaryimage\",\"url\":\"https:\/\/www.feuerwehr-gratkorn.at\/home\/wp-content\/uploads\/2025\/01\/IMG_9516.jpeg\",\"contentUrl\":\"https:\/\/www.feuerwehr-gratkorn.at\/home\/wp-content\/uploads\/2025\/01\/IMG_9516.jpeg\",\"width\":1149,\"height\":618},{\"@type\":\"BreadcrumbList\",\"@id\":\"https:\/\/www.feuerwehr-gratkorn.at\/home\/veranstaltungen-2025\/12609\/#breadcrumb\",\"itemListElement\":[{\"@type\":\"ListItem\",\"position\":1,\"name\":\"Startseite\",\"item\":\"https:\/\/www.feuerwehr-gratkorn.at\/home\/\"},{\"@type\":\"ListItem\",\"position\":2,\"name\":\"Kameradschaftsstockschie\u00dfen 2025\"}]},{\"@type\":\"WebSite\",\"@id\":\"https:\/\/www.feuerwehr-gratkorn.at\/home\/#website\",\"url\":\"https:\/\/www.feuerwehr-gratkorn.at\/home\/\",\"name\":\"Freiwillige Feuerwehr Gratkorn - Markt\",\"description\":\"Unsere Freizeit f\u00fcr Ihre Sicherheit\",\"publisher\":{\"@id\":\"https:\/\/www.feuerwehr-gratkorn.at\/home\/#organization\"},\"potentialAction\":[{\"@type\":\"SearchAction\",\"target\":{\"@type\":\"EntryPoint\",\"urlTemplate\":\"https:\/\/www.feuerwehr-gratkorn.at\/home\/?s={search_term_string}\"},\"query-input\":{\"@type\":\"PropertyValueSpecification\",\"valueRequired\":true,\"valueName\":\"search_term_string\"}}],\"inLanguage\":\"de\"},{\"@type\":\"Organization\",\"@id\":\"https:\/\/www.feuerwehr-gratkorn.at\/home\/#organization\",\"name\":\"Freiwillige Feuerwehr Gratkorn - Markt\",\"url\":\"https:\/\/www.feuerwehr-gratkorn.at\/home\/\",\"logo\":{\"@type\":\"ImageObject\",\"inLanguage\":\"de\",\"@id\":\"https:\/\/www.feuerwehr-gratkorn.at\/home\/#\/schema\/logo\/image\/\",\"url\":\"https:\/\/www.feuerwehr-gratkorn.at\/home\/wp-content\/uploads\/2017\/01\/feuerwehrlogo.png\",\"contentUrl\":\"https:\/\/www.feuerwehr-gratkorn.at\/home\/wp-content\/uploads\/2017\/01\/feuerwehrlogo.png\",\"width\":225,\"height\":225,\"caption\":\"Freiwillige Feuerwehr Gratkorn - Markt\"},\"image\":{\"@id\":\"https:\/\/www.feuerwehr-gratkorn.at\/home\/#\/schema\/logo\/image\/\"},\"sameAs\":[\"https:\/\/www.facebook.com\/FeuerwehrGratkorn\",\"https:\/\/www.youtube.com\/channel\/UCzJVDxEgwKg6lxZNPn3A3AQ\"]},{\"@type\":\"Person\",\"@id\":\"https:\/\/www.feuerwehr-gratkorn.at\/home\/#\/schema\/person\/e32d740d5e2b635405bee4eadaeea2e4\",\"name\":\"Annika Cresnik\",\"image\":{\"@type\":\"ImageObject\",\"inLanguage\":\"de\",\"@id\":\"https:\/\/www.feuerwehr-gratkorn.at\/home\/#\/schema\/person\/image\/\",\"url\":\"https:\/\/secure.gravatar.com\/avatar\/d625f83b92235011363d6a401f06e029e4e6c8774522cfd5478d5dbdab45a04c?s=96&d=mm&r=g\",\"contentUrl\":\"https:\/\/secure.gravatar.com\/avatar\/d625f83b92235011363d6a401f06e029e4e6c8774522cfd5478d5dbdab45a04c?s=96&d=mm&r=g\",\"caption\":\"Annika Cresnik\"}}]}<\/script>\n<!-- \/ Yoast SEO plugin. -->","yoast_head_json":{"title":"Kameradschaftsstockschie\u00dfen 2025 - Freiwillige Feuerwehr Gratkorn - Markt","robots":{"index":"index","follow":"follow","max-snippet":"max-snippet:-1","max-image-preview":"max-image-preview:large","max-video-preview":"max-video-preview:-1"},"canonical":"https:\/\/www.feuerwehr-gratkorn.at\/home\/veranstaltungen-2025\/12609\/","og_locale":"de_DE","og_type":"article","og_title":"Kameradschaftsstockschie\u00dfen 2025 - Freiwillige Feuerwehr Gratkorn - Markt","og_description":"Thema: \u00a0Kameradschaftspflege beim Stockschie\u00dfen Datum: \u00a006.01.2025","og_url":"https:\/\/www.feuerwehr-gratkorn.at\/home\/veranstaltungen-2025\/12609\/","og_site_name":"Freiwillige Feuerwehr Gratkorn - Markt","article_publisher":"https:\/\/www.facebook.com\/FeuerwehrGratkorn","article_published_time":"2025-01-19T15:20:40+00:00","og_image":[{"width":1149,"height":618,"url":"https:\/\/www.feuerwehr-gratkorn.at\/home\/wp-content\/uploads\/2025\/01\/IMG_9516.jpeg","type":"image\/jpeg"}],"author":"Annika Cresnik","twitter_card":"summary_large_image","twitter_misc":{"Verfasst von":"Annika Cresnik","Gesch\u00e4tzte Lesezeit":"1\u00a0Minute"},"schema":{"@context":"https:\/\/schema.org","@graph":[{"@type":"Article","@id":"https:\/\/www.feuerwehr-gratkorn.at\/home\/veranstaltungen-2025\/12609\/#article","isPartOf":{"@id":"https:\/\/www.feuerwehr-gratkorn.at\/home\/veranstaltungen-2025\/12609\/"},"author":{"name":"Annika Cresnik","@id":"https:\/\/www.feuerwehr-gratkorn.at\/home\/#\/schema\/person\/e32d740d5e2b635405bee4eadaeea2e4"},"headline":"Kameradschaftsstockschie\u00dfen 2025","datePublished":"2025-01-19T15:20:40+00:00","mainEntityOfPage":{"@id":"https:\/\/www.feuerwehr-gratkorn.at\/home\/veranstaltungen-2025\/12609\/"},"wordCount":70,"publisher":{"@id":"https:\/\/www.feuerwehr-gratkorn.at\/home\/#organization"},"image":{"@id":"https:\/\/www.feuerwehr-gratkorn.at\/home\/veranstaltungen-2025\/12609\/#primaryimage"},"thumbnailUrl":"https:\/\/www.feuerwehr-gratkorn.at\/home\/wp-content\/uploads\/2025\/01\/IMG_9516.jpeg","articleSection":["Veranstaltungen 2025"],"inLanguage":"de"},{"@type":"WebPage","@id":"https:\/\/www.feuerwehr-gratkorn.at\/home\/veranstaltungen-2025\/12609\/","url":"https:\/\/www.feuerwehr-gratkorn.at\/home\/veranstaltungen-2025\/12609\/","name":"Kameradschaftsstockschie\u00dfen 2025 - Freiwillige Feuerwehr Gratkorn - Markt","isPartOf":{"@id":"https:\/\/www.feuerwehr-gratkorn.at\/home\/#website"},"primaryImageOfPage":{"@id":"https:\/\/www.feuerwehr-gratkorn.at\/home\/veranstaltungen-2025\/12609\/#primaryimage"},"image":{"@id":"https:\/\/www.feuerwehr-gratkorn.at\/home\/veranstaltungen-2025\/12609\/#primaryimage"},"thumbnailUrl":"https:\/\/www.feuerwehr-gratkorn.at\/home\/wp-content\/uploads\/2025\/01\/IMG_9516.jpeg","datePublished":"2025-01-19T15:20:40+00:00","breadcrumb":{"@id":"https:\/\/www.feuerwehr-gratkorn.at\/home\/veranstaltungen-2025\/12609\/#breadcrumb"},"inLanguage":"de","potentialAction":[{"@type":"ReadAction","target":["https:\/\/www.feuerwehr-gratkorn.at\/home\/veranstaltungen-2025\/12609\/"]}]},{"@type":"ImageObject","inLanguage":"de","@id":"https:\/\/www.feuerwehr-gratkorn.at\/home\/veranstaltungen-2025\/12609\/#primaryimage","url":"https:\/\/www.feuerwehr-gratkorn.at\/home\/wp-content\/uploads\/2025\/01\/IMG_9516.jpeg","contentUrl":"https:\/\/www.feuerwehr-gratkorn.at\/home\/wp-content\/uploads\/2025\/01\/IMG_9516.jpeg","width":1149,"height":618},{"@type":"BreadcrumbList","@id":"https:\/\/www.feuerwehr-gratkorn.at\/home\/veranstaltungen-2025\/12609\/#breadcrumb","itemListElement":[{"@type":"ListItem","position":1,"name":"Startseite","item":"https:\/\/www.feuerwehr-gratkorn.at\/home\/"},{"@type":"ListItem","position":2,"name":"Kameradschaftsstockschie\u00dfen 2025"}]},{"@type":"WebSite","@id":"https:\/\/www.feuerwehr-gratkorn.at\/home\/#website","url":"https:\/\/www.feuerwehr-gratkorn.at\/home\/","name":"Freiwillige Feuerwehr Gratkorn - Markt","description":"Unsere Freizeit f\u00fcr Ihre Sicherheit","publisher":{"@id":"https:\/\/www.feuerwehr-gratkorn.at\/home\/#organization"},"potentialAction":[{"@type":"SearchAction","target":{"@type":"EntryPoint","urlTemplate":"https:\/\/www.feuerwehr-gratkorn.at\/home\/?s={search_term_string}"},"query-input":{"@type":"PropertyValueSpecification","valueRequired":true,"valueName":"search_term_string"}}],"inLanguage":"de"},{"@type":"Organization","@id":"https:\/\/www.feuerwehr-gratkorn.at\/home\/#organization","name":"Freiwillige Feuerwehr Gratkorn - Markt","url":"https:\/\/www.feuerwehr-gratkorn.at\/home\/","logo":{"@type":"ImageObject","inLanguage":"de","@id":"https:\/\/www.feuerwehr-gratkorn.at\/home\/#\/schema\/logo\/image\/","url":"https:\/\/www.feuerwehr-gratkorn.at\/home\/wp-content\/uploads\/2017\/01\/feuerwehrlogo.png","contentUrl":"https:\/\/www.feuerwehr-gratkorn.at\/home\/wp-content\/uploads\/2017\/01\/feuerwehrlogo.png","width":225,"height":225,"caption":"Freiwillige Feuerwehr Gratkorn - Markt"},"image":{"@id":"https:\/\/www.feuerwehr-gratkorn.at\/home\/#\/schema\/logo\/image\/"},"sameAs":["https:\/\/www.facebook.com\/FeuerwehrGratkorn","https:\/\/www.youtube.com\/channel\/UCzJVDxEgwKg6lxZNPn3A3AQ"]},{"@type":"Person","@id":"https:\/\/www.feuerwehr-gratkorn.at\/home\/#\/schema\/person\/e32d740d5e2b635405bee4eadaeea2e4","name":"Annika Cresnik","image":{"@type":"ImageObject","inLanguage":"de","@id":"https:\/\/www.feuerwehr-gratkorn.at\/home\/#\/schema\/person\/image\/","url":"https:\/\/secure.gravatar.com\/avatar\/d625f83b92235011363d6a401f06e029e4e6c8774522cfd5478d5dbdab45a04c?s=96&d=mm&r=g","contentUrl":"https:\/\/secure.gravatar.com\/avatar\/d625f83b92235011363d6a401f06e029e4e6c8774522cfd5478d5dbdab45a04c?s=96&d=mm&r=g","caption":"Annika Cresnik"}}]}},"_links":{"self":[{"href":"https:\/\/www.feuerwehr-gratkorn.at\/home\/wp-json\/wp\/v2\/posts\/12609","targetHints":{"allow":["GET"]}}],"collection":[{"href":"https:\/\/www.feuerwehr-gratkorn.at\/home\/wp-json\/wp\/v2\/posts"}],"about":[{"href":"https:\/\/www.feuerwehr-gratkorn.at\/home\/wp-json\/wp\/v2\/types\/post"}],"author":[{"embeddable":true,"href":"https:\/\/www.feuerwehr-gratkorn.at\/home\/wp-json\/wp\/v2\/users\/12"}],"replies":[{"embeddable":true,"href":"https:\/\/www.feuerwehr-gratkorn.at\/home\/wp-json\/wp\/v2\/comments?post=12609"}],"version-history":[{"count":2,"href":"https:\/\/www.feuerwehr-gratkorn.at\/home\/wp-json\/wp\/v2\/posts\/12609\/revisions"}],"predecessor-version":[{"id":12616,"href":"https:\/\/www.feuerwehr-gratkorn.at\/home\/wp-json\/wp\/v2\/posts\/12609\/revisions\/12616"}],"wp:featuredmedia":[{"embeddable":true,"href":"https:\/\/www.feuerwehr-gratkorn.at\/home\/wp-json\/wp\/v2\/media\/12615"}],"wp:attachment":[{"href":"https:\/\/www.feuerwehr-gratkorn.at\/home\/wp-json\/wp\/v2\/media?parent=12609"}],"wp:term":[{"taxonomy":"category","embeddable":true,"href":"https:\/\/www.feuerwehr-gratkorn.at\/home\/wp-json\/wp\/v2\/categories?post=12609"},{"taxonomy":"post_tag","embeddable":true,"href":"https:\/\/www.feuerwehr-gratkorn.at\/home\/wp-json\/wp\/v2\/tags?post=12609"}],"curies":[{"name":"wp","href":"https:\/\/api.w.org\/{rel}","templated":true}]}}