{"id":12624,"date":"2025-01-25T17:41:29","date_gmt":"2025-01-25T17:41:29","guid":{"rendered":"https:\/\/www.feuerwehr-gratkorn.at\/home\/?p=12624"},"modified":"2025-01-25T17:50:39","modified_gmt":"2025-01-25T17:50:39","slug":"b08-fahrzeugbrand-a9-2-2-2-2-2-2-2-2-3-2-2-2-2-2-3-2-2-2-2-2-2-2-2-3-2-2-2-2-2-2-2-2-2-3-2-2-2-2-2-2-2-2-2-2-2-2-2-2-3-2-2-2-3-2-2-2-2-2-3-3-3-4-2-4-2-3-2-3-2-2-2-2-2-2-3-2-3-2-2-2-2","status":"publish","type":"post","link":"https:\/\/www.feuerwehr-gratkorn.at\/home\/uebungen-2025\/12624\/","title":{"rendered":"Fachbereichs\u00fcbung | Thema Sanit\u00e4t"},"content":{"rendered":"\n\n<table style=\"width: 90.312%; margin-left: 30px; height: 43px;\">\n<tbody>\n<tr style=\"height: 33px;\">\n<td style=\"width: 37.3355%; height: 10px;\"><em><strong>Datum:<\/strong><\/em><\/td>\n<td style=\"width: 62.5%; height: 10px;\">\u00a025.01.2025<\/td>\n<\/tr>\n<tr style=\"height: 33px;\">\n<td style=\"width: 37.3355%; height: 33px;\"><em><strong>\u00dcbungszeit:<\/strong><\/em><\/td>\n<td style=\"width: 62.5%; height: 33px;\">\u00a0 09:00 &#8211; 12:30\u00a0<\/td>\n<\/tr>\n<\/tbody>\n<\/table>\n<p>Am 25.01.2025 fand die Fachbereichs\u00fcbung zum Thema Sanit\u00e4t, gemeinsam mit dem Roten Kreuz der Dienststelle Gratkorn, statt.\u00a0<\/p>\n<p>Die \u00dcbung wurde mit einem kurzen Theorieblock begonnen, worauf kleine \u00dcbungsszenarien folgten. Ge\u00fcbt wurden unter anderem Erste Hilfe Ma\u00dfnahmen, sowie die Rettung von Menschen aus Gefahrenbereichen mittels Korb- und Schaufeltrage. Abgeschlossen wurde die \u00dcbung mit einem Einsatzszenario.\u00a0<\/p>\n<p>Ein gro\u00dfes Danke geht an das Rote Kreuz der Dienstelle Gratkorn, die uns bei der \u00dcbung unterst\u00fctz haben. Somit konnte auch das Einsatzszenario realit\u00e4tsnah ge\u00fcbt werden.\u00a0<\/p>\n<p><!--more--><\/p>\n<div class=\"cxmmr5t8 oygrvhab hcukyx3x c1et5uql o9v6fnle ii04i59q\">\n<div dir=\"auto\">\n<div class=\"cxmmr5t8 oygrvhab hcukyx3x c1et5uql o9v6fnle ii04i59q\">\n<div dir=\"auto\">\u00a0<\/div>\n<\/div>\n<\/div>\n<\/div>\n<div dir=\"auto\">\u00a0<\/div>\n<div class=\"cxmmr5t8 oygrvhab hcukyx3x c1et5uql o9v6fnle ii04i59q\">\n<div dir=\"auto\">\n\n\t\t<style type=\"text\/css\">\n\t\t\t#gallery-1 {\n\t\t\t\tmargin: auto;\n\t\t\t}\n\t\t\t#gallery-1 .gallery-item {\n\t\t\t\tfloat: left;\n\t\t\t\tmargin-top: 10px;\n\t\t\t\ttext-align: center;\n\t\t\t\twidth: 33%;\n\t\t\t}\n\t\t\t#gallery-1 img {\n\t\t\t\tborder: 2px solid #cfcfcf;\n\t\t\t}\n\t\t\t#gallery-1 .gallery-caption {\n\t\t\t\tmargin-left: 0;\n\t\t\t}\n\t\t\t\/* see gallery_shortcode() in wp-includes\/media.php *\/\n\t\t<\/style>\n\t\t<div id='gallery-1' class='gallery galleryid-12624 gallery-columns-3 gallery-size-thumbnail'><dl class='gallery-item'>\n\t\t\t<dt class='gallery-icon landscape'>\n\t\t\t\t<a href='https:\/\/www.feuerwehr-gratkorn.at\/home\/wp-content\/uploads\/2025\/01\/IMG_9533-scaled.jpeg'><img loading=\"lazy\" decoding=\"async\" width=\"150\" height=\"113\" src=\"https:\/\/www.feuerwehr-gratkorn.at\/home\/wp-content\/uploads\/2025\/01\/IMG_9533-150x113.jpeg\" class=\"attachment-thumbnail size-thumbnail\" alt=\"\" srcset=\"https:\/\/www.feuerwehr-gratkorn.at\/home\/wp-content\/uploads\/2025\/01\/IMG_9533-150x113.jpeg 150w, https:\/\/www.feuerwehr-gratkorn.at\/home\/wp-content\/uploads\/2025\/01\/IMG_9533-300x225.jpeg 300w, https:\/\/www.feuerwehr-gratkorn.at\/home\/wp-content\/uploads\/2025\/01\/IMG_9533-720x540.jpeg 720w, https:\/\/www.feuerwehr-gratkorn.at\/home\/wp-content\/uploads\/2025\/01\/IMG_9533-768x576.jpeg 768w, https:\/\/www.feuerwehr-gratkorn.at\/home\/wp-content\/uploads\/2025\/01\/IMG_9533-1536x1152.jpeg 1536w, https:\/\/www.feuerwehr-gratkorn.at\/home\/wp-content\/uploads\/2025\/01\/IMG_9533-2048x1536.jpeg 2048w\" sizes=\"auto, (max-width: 150px) 100vw, 150px\" \/><\/a>\n\t\t\t<\/dt><\/dl><dl class='gallery-item'>\n\t\t\t<dt class='gallery-icon landscape'>\n\t\t\t\t<a href='https:\/\/www.feuerwehr-gratkorn.at\/home\/wp-content\/uploads\/2025\/01\/IMG_9540-scaled.jpeg'><img loading=\"lazy\" decoding=\"async\" width=\"150\" height=\"113\" src=\"https:\/\/www.feuerwehr-gratkorn.at\/home\/wp-content\/uploads\/2025\/01\/IMG_9540-150x113.jpeg\" class=\"attachment-thumbnail size-thumbnail\" alt=\"\" srcset=\"https:\/\/www.feuerwehr-gratkorn.at\/home\/wp-content\/uploads\/2025\/01\/IMG_9540-150x113.jpeg 150w, https:\/\/www.feuerwehr-gratkorn.at\/home\/wp-content\/uploads\/2025\/01\/IMG_9540-300x225.jpeg 300w, https:\/\/www.feuerwehr-gratkorn.at\/home\/wp-content\/uploads\/2025\/01\/IMG_9540-720x540.jpeg 720w, https:\/\/www.feuerwehr-gratkorn.at\/home\/wp-content\/uploads\/2025\/01\/IMG_9540-768x576.jpeg 768w, https:\/\/www.feuerwehr-gratkorn.at\/home\/wp-content\/uploads\/2025\/01\/IMG_9540-1536x1152.jpeg 1536w, https:\/\/www.feuerwehr-gratkorn.at\/home\/wp-content\/uploads\/2025\/01\/IMG_9540-2048x1536.jpeg 2048w\" sizes=\"auto, (max-width: 150px) 100vw, 150px\" \/><\/a>\n\t\t\t<\/dt><\/dl><dl class='gallery-item'>\n\t\t\t<dt class='gallery-icon landscape'>\n\t\t\t\t<a href='https:\/\/www.feuerwehr-gratkorn.at\/home\/wp-content\/uploads\/2025\/01\/IMG_9549-scaled.jpeg'><img loading=\"lazy\" decoding=\"async\" width=\"150\" height=\"113\" src=\"https:\/\/www.feuerwehr-gratkorn.at\/home\/wp-content\/uploads\/2025\/01\/IMG_9549-150x113.jpeg\" class=\"attachment-thumbnail size-thumbnail\" alt=\"\" srcset=\"https:\/\/www.feuerwehr-gratkorn.at\/home\/wp-content\/uploads\/2025\/01\/IMG_9549-150x113.jpeg 150w, https:\/\/www.feuerwehr-gratkorn.at\/home\/wp-content\/uploads\/2025\/01\/IMG_9549-300x225.jpeg 300w, https:\/\/www.feuerwehr-gratkorn.at\/home\/wp-content\/uploads\/2025\/01\/IMG_9549-720x540.jpeg 720w, https:\/\/www.feuerwehr-gratkorn.at\/home\/wp-content\/uploads\/2025\/01\/IMG_9549-768x576.jpeg 768w, https:\/\/www.feuerwehr-gratkorn.at\/home\/wp-content\/uploads\/2025\/01\/IMG_9549-1536x1152.jpeg 1536w, https:\/\/www.feuerwehr-gratkorn.at\/home\/wp-content\/uploads\/2025\/01\/IMG_9549-2048x1536.jpeg 2048w\" sizes=\"auto, (max-width: 150px) 100vw, 150px\" \/><\/a>\n\t\t\t<\/dt><\/dl><br style=\"clear: both\" \/><dl class='gallery-item'>\n\t\t\t<dt class='gallery-icon portrait'>\n\t\t\t\t<a href='https:\/\/www.feuerwehr-gratkorn.at\/home\/wp-content\/uploads\/2025\/01\/4759ccb7-aa0d-456a-a905-9d42020c4716.jpeg'><img loading=\"lazy\" decoding=\"async\" width=\"113\" height=\"150\" src=\"https:\/\/www.feuerwehr-gratkorn.at\/home\/wp-content\/uploads\/2025\/01\/4759ccb7-aa0d-456a-a905-9d42020c4716-113x150.jpeg\" class=\"attachment-thumbnail size-thumbnail\" alt=\"\" srcset=\"https:\/\/www.feuerwehr-gratkorn.at\/home\/wp-content\/uploads\/2025\/01\/4759ccb7-aa0d-456a-a905-9d42020c4716-113x150.jpeg 113w, https:\/\/www.feuerwehr-gratkorn.at\/home\/wp-content\/uploads\/2025\/01\/4759ccb7-aa0d-456a-a905-9d42020c4716-225x300.jpeg 225w, https:\/\/www.feuerwehr-gratkorn.at\/home\/wp-content\/uploads\/2025\/01\/4759ccb7-aa0d-456a-a905-9d42020c4716-720x960.jpeg 720w, https:\/\/www.feuerwehr-gratkorn.at\/home\/wp-content\/uploads\/2025\/01\/4759ccb7-aa0d-456a-a905-9d42020c4716-768x1024.jpeg 768w, https:\/\/www.feuerwehr-gratkorn.at\/home\/wp-content\/uploads\/2025\/01\/4759ccb7-aa0d-456a-a905-9d42020c4716-1152x1536.jpeg 1152w, https:\/\/www.feuerwehr-gratkorn.at\/home\/wp-content\/uploads\/2025\/01\/4759ccb7-aa0d-456a-a905-9d42020c4716.jpeg 1200w\" sizes=\"auto, (max-width: 113px) 100vw, 113px\" \/><\/a>\n\t\t\t<\/dt><\/dl><dl class='gallery-item'>\n\t\t\t<dt class='gallery-icon landscape'>\n\t\t\t\t<a href='https:\/\/www.feuerwehr-gratkorn.at\/home\/wp-content\/uploads\/2025\/01\/IMG_9552-scaled.jpeg'><img loading=\"lazy\" decoding=\"async\" width=\"150\" height=\"113\" src=\"https:\/\/www.feuerwehr-gratkorn.at\/home\/wp-content\/uploads\/2025\/01\/IMG_9552-150x113.jpeg\" class=\"attachment-thumbnail size-thumbnail\" alt=\"\" srcset=\"https:\/\/www.feuerwehr-gratkorn.at\/home\/wp-content\/uploads\/2025\/01\/IMG_9552-150x113.jpeg 150w, https:\/\/www.feuerwehr-gratkorn.at\/home\/wp-content\/uploads\/2025\/01\/IMG_9552-300x225.jpeg 300w, https:\/\/www.feuerwehr-gratkorn.at\/home\/wp-content\/uploads\/2025\/01\/IMG_9552-720x540.jpeg 720w, https:\/\/www.feuerwehr-gratkorn.at\/home\/wp-content\/uploads\/2025\/01\/IMG_9552-768x576.jpeg 768w, https:\/\/www.feuerwehr-gratkorn.at\/home\/wp-content\/uploads\/2025\/01\/IMG_9552-1536x1152.jpeg 1536w, https:\/\/www.feuerwehr-gratkorn.at\/home\/wp-content\/uploads\/2025\/01\/IMG_9552-2048x1536.jpeg 2048w\" sizes=\"auto, (max-width: 150px) 100vw, 150px\" \/><\/a>\n\t\t\t<\/dt><\/dl><dl class='gallery-item'>\n\t\t\t<dt class='gallery-icon landscape'>\n\t\t\t\t<a href='https:\/\/www.feuerwehr-gratkorn.at\/home\/wp-content\/uploads\/2025\/01\/IMG_9557-scaled.jpeg'><img loading=\"lazy\" decoding=\"async\" width=\"150\" height=\"113\" src=\"https:\/\/www.feuerwehr-gratkorn.at\/home\/wp-content\/uploads\/2025\/01\/IMG_9557-150x113.jpeg\" class=\"attachment-thumbnail size-thumbnail\" alt=\"\" srcset=\"https:\/\/www.feuerwehr-gratkorn.at\/home\/wp-content\/uploads\/2025\/01\/IMG_9557-150x113.jpeg 150w, https:\/\/www.feuerwehr-gratkorn.at\/home\/wp-content\/uploads\/2025\/01\/IMG_9557-300x225.jpeg 300w, https:\/\/www.feuerwehr-gratkorn.at\/home\/wp-content\/uploads\/2025\/01\/IMG_9557-720x540.jpeg 720w, https:\/\/www.feuerwehr-gratkorn.at\/home\/wp-content\/uploads\/2025\/01\/IMG_9557-768x576.jpeg 768w, https:\/\/www.feuerwehr-gratkorn.at\/home\/wp-content\/uploads\/2025\/01\/IMG_9557-1536x1152.jpeg 1536w, https:\/\/www.feuerwehr-gratkorn.at\/home\/wp-content\/uploads\/2025\/01\/IMG_9557-2048x1536.jpeg 2048w\" sizes=\"auto, (max-width: 150px) 100vw, 150px\" \/><\/a>\n\t\t\t<\/dt><\/dl><br style=\"clear: both\" \/><dl class='gallery-item'>\n\t\t\t<dt class='gallery-icon landscape'>\n\t\t\t\t<a href='https:\/\/www.feuerwehr-gratkorn.at\/home\/wp-content\/uploads\/2025\/01\/03863ce0-6907-440c-87cc-c8184e431e46.jpeg'><img loading=\"lazy\" decoding=\"async\" width=\"150\" height=\"113\" src=\"https:\/\/www.feuerwehr-gratkorn.at\/home\/wp-content\/uploads\/2025\/01\/03863ce0-6907-440c-87cc-c8184e431e46-150x113.jpeg\" class=\"attachment-thumbnail size-thumbnail\" alt=\"\" srcset=\"https:\/\/www.feuerwehr-gratkorn.at\/home\/wp-content\/uploads\/2025\/01\/03863ce0-6907-440c-87cc-c8184e431e46-150x113.jpeg 150w, https:\/\/www.feuerwehr-gratkorn.at\/home\/wp-content\/uploads\/2025\/01\/03863ce0-6907-440c-87cc-c8184e431e46-300x225.jpeg 300w, https:\/\/www.feuerwehr-gratkorn.at\/home\/wp-content\/uploads\/2025\/01\/03863ce0-6907-440c-87cc-c8184e431e46-720x540.jpeg 720w, https:\/\/www.feuerwehr-gratkorn.at\/home\/wp-content\/uploads\/2025\/01\/03863ce0-6907-440c-87cc-c8184e431e46-768x576.jpeg 768w, https:\/\/www.feuerwehr-gratkorn.at\/home\/wp-content\/uploads\/2025\/01\/03863ce0-6907-440c-87cc-c8184e431e46-1536x1152.jpeg 1536w, https:\/\/www.feuerwehr-gratkorn.at\/home\/wp-content\/uploads\/2025\/01\/03863ce0-6907-440c-87cc-c8184e431e46.jpeg 1600w\" sizes=\"auto, (max-width: 150px) 100vw, 150px\" \/><\/a>\n\t\t\t<\/dt><\/dl><dl class='gallery-item'>\n\t\t\t<dt class='gallery-icon portrait'>\n\t\t\t\t<a href='https:\/\/www.feuerwehr-gratkorn.at\/home\/wp-content\/uploads\/2025\/01\/IMG_9569-scaled.jpeg'><img loading=\"lazy\" decoding=\"async\" width=\"113\" height=\"150\" src=\"https:\/\/www.feuerwehr-gratkorn.at\/home\/wp-content\/uploads\/2025\/01\/IMG_9569-113x150.jpeg\" class=\"attachment-thumbnail size-thumbnail\" alt=\"\" srcset=\"https:\/\/www.feuerwehr-gratkorn.at\/home\/wp-content\/uploads\/2025\/01\/IMG_9569-113x150.jpeg 113w, https:\/\/www.feuerwehr-gratkorn.at\/home\/wp-content\/uploads\/2025\/01\/IMG_9569-225x300.jpeg 225w, https:\/\/www.feuerwehr-gratkorn.at\/home\/wp-content\/uploads\/2025\/01\/IMG_9569-720x960.jpeg 720w, https:\/\/www.feuerwehr-gratkorn.at\/home\/wp-content\/uploads\/2025\/01\/IMG_9569-768x1024.jpeg 768w, https:\/\/www.feuerwehr-gratkorn.at\/home\/wp-content\/uploads\/2025\/01\/IMG_9569-1152x1536.jpeg 1152w, https:\/\/www.feuerwehr-gratkorn.at\/home\/wp-content\/uploads\/2025\/01\/IMG_9569-1536x2048.jpeg 1536w, https:\/\/www.feuerwehr-gratkorn.at\/home\/wp-content\/uploads\/2025\/01\/IMG_9569-scaled.jpeg 1920w\" sizes=\"auto, (max-width: 113px) 100vw, 113px\" \/><\/a>\n\t\t\t<\/dt><\/dl><dl class='gallery-item'>\n\t\t\t<dt class='gallery-icon landscape'>\n\t\t\t\t<a href='https:\/\/www.feuerwehr-gratkorn.at\/home\/wp-content\/uploads\/2025\/01\/IMG_9566-scaled.jpeg'><img loading=\"lazy\" decoding=\"async\" width=\"150\" height=\"113\" src=\"https:\/\/www.feuerwehr-gratkorn.at\/home\/wp-content\/uploads\/2025\/01\/IMG_9566-150x113.jpeg\" class=\"attachment-thumbnail size-thumbnail\" alt=\"\" srcset=\"https:\/\/www.feuerwehr-gratkorn.at\/home\/wp-content\/uploads\/2025\/01\/IMG_9566-150x113.jpeg 150w, https:\/\/www.feuerwehr-gratkorn.at\/home\/wp-content\/uploads\/2025\/01\/IMG_9566-300x225.jpeg 300w, https:\/\/www.feuerwehr-gratkorn.at\/home\/wp-content\/uploads\/2025\/01\/IMG_9566-720x540.jpeg 720w, https:\/\/www.feuerwehr-gratkorn.at\/home\/wp-content\/uploads\/2025\/01\/IMG_9566-768x576.jpeg 768w, https:\/\/www.feuerwehr-gratkorn.at\/home\/wp-content\/uploads\/2025\/01\/IMG_9566-1536x1152.jpeg 1536w, https:\/\/www.feuerwehr-gratkorn.at\/home\/wp-content\/uploads\/2025\/01\/IMG_9566-2048x1536.jpeg 2048w\" sizes=\"auto, (max-width: 150px) 100vw, 150px\" \/><\/a>\n\t\t\t<\/dt><\/dl><br style=\"clear: both\" \/><dl class='gallery-item'>\n\t\t\t<dt class='gallery-icon portrait'>\n\t\t\t\t<a href='https:\/\/www.feuerwehr-gratkorn.at\/home\/wp-content\/uploads\/2025\/01\/IMG_9571-scaled.jpeg'><img loading=\"lazy\" decoding=\"async\" width=\"113\" height=\"150\" src=\"https:\/\/www.feuerwehr-gratkorn.at\/home\/wp-content\/uploads\/2025\/01\/IMG_9571-113x150.jpeg\" class=\"attachment-thumbnail size-thumbnail\" alt=\"\" srcset=\"https:\/\/www.feuerwehr-gratkorn.at\/home\/wp-content\/uploads\/2025\/01\/IMG_9571-113x150.jpeg 113w, https:\/\/www.feuerwehr-gratkorn.at\/home\/wp-content\/uploads\/2025\/01\/IMG_9571-225x300.jpeg 225w, https:\/\/www.feuerwehr-gratkorn.at\/home\/wp-content\/uploads\/2025\/01\/IMG_9571-720x960.jpeg 720w, https:\/\/www.feuerwehr-gratkorn.at\/home\/wp-content\/uploads\/2025\/01\/IMG_9571-768x1024.jpeg 768w, https:\/\/www.feuerwehr-gratkorn.at\/home\/wp-content\/uploads\/2025\/01\/IMG_9571-1152x1536.jpeg 1152w, https:\/\/www.feuerwehr-gratkorn.at\/home\/wp-content\/uploads\/2025\/01\/IMG_9571-1536x2048.jpeg 1536w, https:\/\/www.feuerwehr-gratkorn.at\/home\/wp-content\/uploads\/2025\/01\/IMG_9571-scaled.jpeg 1920w\" sizes=\"auto, (max-width: 113px) 100vw, 113px\" \/><\/a>\n\t\t\t<\/dt><\/dl><dl class='gallery-item'>\n\t\t\t<dt class='gallery-icon portrait'>\n\t\t\t\t<a href='https:\/\/www.feuerwehr-gratkorn.at\/home\/wp-content\/uploads\/2025\/01\/IMG_9579-scaled.jpeg'><img loading=\"lazy\" decoding=\"async\" width=\"113\" height=\"150\" src=\"https:\/\/www.feuerwehr-gratkorn.at\/home\/wp-content\/uploads\/2025\/01\/IMG_9579-113x150.jpeg\" class=\"attachment-thumbnail size-thumbnail\" alt=\"\" srcset=\"https:\/\/www.feuerwehr-gratkorn.at\/home\/wp-content\/uploads\/2025\/01\/IMG_9579-113x150.jpeg 113w, https:\/\/www.feuerwehr-gratkorn.at\/home\/wp-content\/uploads\/2025\/01\/IMG_9579-225x300.jpeg 225w, https:\/\/www.feuerwehr-gratkorn.at\/home\/wp-content\/uploads\/2025\/01\/IMG_9579-720x960.jpeg 720w, https:\/\/www.feuerwehr-gratkorn.at\/home\/wp-content\/uploads\/2025\/01\/IMG_9579-768x1024.jpeg 768w, https:\/\/www.feuerwehr-gratkorn.at\/home\/wp-content\/uploads\/2025\/01\/IMG_9579-1152x1536.jpeg 1152w, https:\/\/www.feuerwehr-gratkorn.at\/home\/wp-content\/uploads\/2025\/01\/IMG_9579-1536x2048.jpeg 1536w, https:\/\/www.feuerwehr-gratkorn.at\/home\/wp-content\/uploads\/2025\/01\/IMG_9579-scaled.jpeg 1920w\" sizes=\"auto, (max-width: 113px) 100vw, 113px\" \/><\/a>\n\t\t\t<\/dt><\/dl><dl class='gallery-item'>\n\t\t\t<dt class='gallery-icon portrait'>\n\t\t\t\t<a href='https:\/\/www.feuerwehr-gratkorn.at\/home\/wp-content\/uploads\/2025\/01\/IMG_9608-scaled.jpeg'><img loading=\"lazy\" decoding=\"async\" width=\"113\" height=\"150\" src=\"https:\/\/www.feuerwehr-gratkorn.at\/home\/wp-content\/uploads\/2025\/01\/IMG_9608-113x150.jpeg\" class=\"attachment-thumbnail size-thumbnail\" alt=\"\" srcset=\"https:\/\/www.feuerwehr-gratkorn.at\/home\/wp-content\/uploads\/2025\/01\/IMG_9608-113x150.jpeg 113w, https:\/\/www.feuerwehr-gratkorn.at\/home\/wp-content\/uploads\/2025\/01\/IMG_9608-225x300.jpeg 225w, https:\/\/www.feuerwehr-gratkorn.at\/home\/wp-content\/uploads\/2025\/01\/IMG_9608-720x960.jpeg 720w, https:\/\/www.feuerwehr-gratkorn.at\/home\/wp-content\/uploads\/2025\/01\/IMG_9608-768x1024.jpeg 768w, https:\/\/www.feuerwehr-gratkorn.at\/home\/wp-content\/uploads\/2025\/01\/IMG_9608-1152x1536.jpeg 1152w, https:\/\/www.feuerwehr-gratkorn.at\/home\/wp-content\/uploads\/2025\/01\/IMG_9608-1536x2048.jpeg 1536w, https:\/\/www.feuerwehr-gratkorn.at\/home\/wp-content\/uploads\/2025\/01\/IMG_9608-scaled.jpeg 1920w\" sizes=\"auto, (max-width: 113px) 100vw, 113px\" \/><\/a>\n\t\t\t<\/dt><\/dl><br style=\"clear: both\" \/><dl class='gallery-item'>\n\t\t\t<dt class='gallery-icon portrait'>\n\t\t\t\t<a href='https:\/\/www.feuerwehr-gratkorn.at\/home\/wp-content\/uploads\/2025\/01\/IMG_9604-scaled.jpeg'><img loading=\"lazy\" decoding=\"async\" width=\"113\" height=\"150\" src=\"https:\/\/www.feuerwehr-gratkorn.at\/home\/wp-content\/uploads\/2025\/01\/IMG_9604-113x150.jpeg\" class=\"attachment-thumbnail size-thumbnail\" alt=\"\" srcset=\"https:\/\/www.feuerwehr-gratkorn.at\/home\/wp-content\/uploads\/2025\/01\/IMG_9604-113x150.jpeg 113w, https:\/\/www.feuerwehr-gratkorn.at\/home\/wp-content\/uploads\/2025\/01\/IMG_9604-225x300.jpeg 225w, https:\/\/www.feuerwehr-gratkorn.at\/home\/wp-content\/uploads\/2025\/01\/IMG_9604-720x960.jpeg 720w, https:\/\/www.feuerwehr-gratkorn.at\/home\/wp-content\/uploads\/2025\/01\/IMG_9604-768x1024.jpeg 768w, https:\/\/www.feuerwehr-gratkorn.at\/home\/wp-content\/uploads\/2025\/01\/IMG_9604-1152x1536.jpeg 1152w, https:\/\/www.feuerwehr-gratkorn.at\/home\/wp-content\/uploads\/2025\/01\/IMG_9604-1536x2048.jpeg 1536w, https:\/\/www.feuerwehr-gratkorn.at\/home\/wp-content\/uploads\/2025\/01\/IMG_9604-scaled.jpeg 1920w\" sizes=\"auto, (max-width: 113px) 100vw, 113px\" \/><\/a>\n\t\t\t<\/dt><\/dl><dl class='gallery-item'>\n\t\t\t<dt class='gallery-icon portrait'>\n\t\t\t\t<a href='https:\/\/www.feuerwehr-gratkorn.at\/home\/wp-content\/uploads\/2025\/01\/e1d41160-7950-40ff-a137-aa1d397d6d8e.jpeg'><img loading=\"lazy\" decoding=\"async\" width=\"113\" height=\"150\" src=\"https:\/\/www.feuerwehr-gratkorn.at\/home\/wp-content\/uploads\/2025\/01\/e1d41160-7950-40ff-a137-aa1d397d6d8e-113x150.jpeg\" class=\"attachment-thumbnail size-thumbnail\" alt=\"\" srcset=\"https:\/\/www.feuerwehr-gratkorn.at\/home\/wp-content\/uploads\/2025\/01\/e1d41160-7950-40ff-a137-aa1d397d6d8e-113x150.jpeg 113w, https:\/\/www.feuerwehr-gratkorn.at\/home\/wp-content\/uploads\/2025\/01\/e1d41160-7950-40ff-a137-aa1d397d6d8e-225x300.jpeg 225w, https:\/\/www.feuerwehr-gratkorn.at\/home\/wp-content\/uploads\/2025\/01\/e1d41160-7950-40ff-a137-aa1d397d6d8e-720x960.jpeg 720w, https:\/\/www.feuerwehr-gratkorn.at\/home\/wp-content\/uploads\/2025\/01\/e1d41160-7950-40ff-a137-aa1d397d6d8e-768x1024.jpeg 768w, https:\/\/www.feuerwehr-gratkorn.at\/home\/wp-content\/uploads\/2025\/01\/e1d41160-7950-40ff-a137-aa1d397d6d8e-1152x1536.jpeg 1152w, https:\/\/www.feuerwehr-gratkorn.at\/home\/wp-content\/uploads\/2025\/01\/e1d41160-7950-40ff-a137-aa1d397d6d8e.jpeg 1512w\" sizes=\"auto, (max-width: 113px) 100vw, 113px\" \/><\/a>\n\t\t\t<\/dt><\/dl><dl class='gallery-item'>\n\t\t\t<dt class='gallery-icon portrait'>\n\t\t\t\t<a href='https:\/\/www.feuerwehr-gratkorn.at\/home\/wp-content\/uploads\/2025\/01\/IMG_9625-scaled.jpeg'><img loading=\"lazy\" decoding=\"async\" width=\"113\" height=\"150\" src=\"https:\/\/www.feuerwehr-gratkorn.at\/home\/wp-content\/uploads\/2025\/01\/IMG_9625-113x150.jpeg\" class=\"attachment-thumbnail size-thumbnail\" alt=\"\" srcset=\"https:\/\/www.feuerwehr-gratkorn.at\/home\/wp-content\/uploads\/2025\/01\/IMG_9625-113x150.jpeg 113w, https:\/\/www.feuerwehr-gratkorn.at\/home\/wp-content\/uploads\/2025\/01\/IMG_9625-225x300.jpeg 225w, https:\/\/www.feuerwehr-gratkorn.at\/home\/wp-content\/uploads\/2025\/01\/IMG_9625-720x960.jpeg 720w, https:\/\/www.feuerwehr-gratkorn.at\/home\/wp-content\/uploads\/2025\/01\/IMG_9625-768x1024.jpeg 768w, https:\/\/www.feuerwehr-gratkorn.at\/home\/wp-content\/uploads\/2025\/01\/IMG_9625-1152x1536.jpeg 1152w, https:\/\/www.feuerwehr-gratkorn.at\/home\/wp-content\/uploads\/2025\/01\/IMG_9625-1536x2048.jpeg 1536w, https:\/\/www.feuerwehr-gratkorn.at\/home\/wp-content\/uploads\/2025\/01\/IMG_9625-scaled.jpeg 1920w\" sizes=\"auto, (max-width: 113px) 100vw, 113px\" \/><\/a>\n\t\t\t<\/dt><\/dl><br style=\"clear: both\" \/><dl class='gallery-item'>\n\t\t\t<dt class='gallery-icon portrait'>\n\t\t\t\t<a href='https:\/\/www.feuerwehr-gratkorn.at\/home\/wp-content\/uploads\/2025\/01\/IMG_9617-scaled.jpeg'><img loading=\"lazy\" decoding=\"async\" width=\"113\" height=\"150\" src=\"https:\/\/www.feuerwehr-gratkorn.at\/home\/wp-content\/uploads\/2025\/01\/IMG_9617-113x150.jpeg\" class=\"attachment-thumbnail size-thumbnail\" alt=\"\" srcset=\"https:\/\/www.feuerwehr-gratkorn.at\/home\/wp-content\/uploads\/2025\/01\/IMG_9617-113x150.jpeg 113w, https:\/\/www.feuerwehr-gratkorn.at\/home\/wp-content\/uploads\/2025\/01\/IMG_9617-225x300.jpeg 225w, https:\/\/www.feuerwehr-gratkorn.at\/home\/wp-content\/uploads\/2025\/01\/IMG_9617-720x960.jpeg 720w, https:\/\/www.feuerwehr-gratkorn.at\/home\/wp-content\/uploads\/2025\/01\/IMG_9617-768x1024.jpeg 768w, https:\/\/www.feuerwehr-gratkorn.at\/home\/wp-content\/uploads\/2025\/01\/IMG_9617-1152x1536.jpeg 1152w, https:\/\/www.feuerwehr-gratkorn.at\/home\/wp-content\/uploads\/2025\/01\/IMG_9617-1536x2048.jpeg 1536w, https:\/\/www.feuerwehr-gratkorn.at\/home\/wp-content\/uploads\/2025\/01\/IMG_9617-scaled.jpeg 1920w\" sizes=\"auto, (max-width: 113px) 100vw, 113px\" \/><\/a>\n\t\t\t<\/dt><\/dl><dl class='gallery-item'>\n\t\t\t<dt class='gallery-icon portrait'>\n\t\t\t\t<a href='https:\/\/www.feuerwehr-gratkorn.at\/home\/wp-content\/uploads\/2025\/01\/IMG_9618-scaled.jpeg'><img loading=\"lazy\" decoding=\"async\" width=\"113\" height=\"150\" src=\"https:\/\/www.feuerwehr-gratkorn.at\/home\/wp-content\/uploads\/2025\/01\/IMG_9618-113x150.jpeg\" class=\"attachment-thumbnail size-thumbnail\" alt=\"\" srcset=\"https:\/\/www.feuerwehr-gratkorn.at\/home\/wp-content\/uploads\/2025\/01\/IMG_9618-113x150.jpeg 113w, https:\/\/www.feuerwehr-gratkorn.at\/home\/wp-content\/uploads\/2025\/01\/IMG_9618-225x300.jpeg 225w, https:\/\/www.feuerwehr-gratkorn.at\/home\/wp-content\/uploads\/2025\/01\/IMG_9618-720x960.jpeg 720w, https:\/\/www.feuerwehr-gratkorn.at\/home\/wp-content\/uploads\/2025\/01\/IMG_9618-768x1024.jpeg 768w, https:\/\/www.feuerwehr-gratkorn.at\/home\/wp-content\/uploads\/2025\/01\/IMG_9618-1152x1536.jpeg 1152w, https:\/\/www.feuerwehr-gratkorn.at\/home\/wp-content\/uploads\/2025\/01\/IMG_9618-1536x2048.jpeg 1536w, https:\/\/www.feuerwehr-gratkorn.at\/home\/wp-content\/uploads\/2025\/01\/IMG_9618-scaled.jpeg 1920w\" sizes=\"auto, (max-width: 113px) 100vw, 113px\" \/><\/a>\n\t\t\t<\/dt><\/dl><dl class='gallery-item'>\n\t\t\t<dt class='gallery-icon portrait'>\n\t\t\t\t<a href='https:\/\/www.feuerwehr-gratkorn.at\/home\/wp-content\/uploads\/2025\/01\/6ea3412a-123e-4dba-b9ba-10a717ccbecd.jpeg'><img loading=\"lazy\" decoding=\"async\" width=\"113\" height=\"150\" src=\"https:\/\/www.feuerwehr-gratkorn.at\/home\/wp-content\/uploads\/2025\/01\/6ea3412a-123e-4dba-b9ba-10a717ccbecd-113x150.jpeg\" class=\"attachment-thumbnail size-thumbnail\" alt=\"\" srcset=\"https:\/\/www.feuerwehr-gratkorn.at\/home\/wp-content\/uploads\/2025\/01\/6ea3412a-123e-4dba-b9ba-10a717ccbecd-113x150.jpeg 113w, https:\/\/www.feuerwehr-gratkorn.at\/home\/wp-content\/uploads\/2025\/01\/6ea3412a-123e-4dba-b9ba-10a717ccbecd-225x300.jpeg 225w, https:\/\/www.feuerwehr-gratkorn.at\/home\/wp-content\/uploads\/2025\/01\/6ea3412a-123e-4dba-b9ba-10a717ccbecd-720x960.jpeg 720w, https:\/\/www.feuerwehr-gratkorn.at\/home\/wp-content\/uploads\/2025\/01\/6ea3412a-123e-4dba-b9ba-10a717ccbecd-768x1024.jpeg 768w, https:\/\/www.feuerwehr-gratkorn.at\/home\/wp-content\/uploads\/2025\/01\/6ea3412a-123e-4dba-b9ba-10a717ccbecd-1152x1536.jpeg 1152w, https:\/\/www.feuerwehr-gratkorn.at\/home\/wp-content\/uploads\/2025\/01\/6ea3412a-123e-4dba-b9ba-10a717ccbecd.jpeg 1512w\" sizes=\"auto, (max-width: 113px) 100vw, 113px\" \/><\/a>\n\t\t\t<\/dt><\/dl><br style=\"clear: both\" \/><dl class='gallery-item'>\n\t\t\t<dt class='gallery-icon landscape'>\n\t\t\t\t<a href='https:\/\/www.feuerwehr-gratkorn.at\/home\/wp-content\/uploads\/2025\/01\/IMG_9627-scaled.jpeg'><img loading=\"lazy\" decoding=\"async\" width=\"150\" height=\"113\" src=\"https:\/\/www.feuerwehr-gratkorn.at\/home\/wp-content\/uploads\/2025\/01\/IMG_9627-150x113.jpeg\" class=\"attachment-thumbnail size-thumbnail\" alt=\"\" srcset=\"https:\/\/www.feuerwehr-gratkorn.at\/home\/wp-content\/uploads\/2025\/01\/IMG_9627-150x113.jpeg 150w, https:\/\/www.feuerwehr-gratkorn.at\/home\/wp-content\/uploads\/2025\/01\/IMG_9627-300x225.jpeg 300w, https:\/\/www.feuerwehr-gratkorn.at\/home\/wp-content\/uploads\/2025\/01\/IMG_9627-720x540.jpeg 720w, https:\/\/www.feuerwehr-gratkorn.at\/home\/wp-content\/uploads\/2025\/01\/IMG_9627-768x576.jpeg 768w, https:\/\/www.feuerwehr-gratkorn.at\/home\/wp-content\/uploads\/2025\/01\/IMG_9627-1536x1152.jpeg 1536w, https:\/\/www.feuerwehr-gratkorn.at\/home\/wp-content\/uploads\/2025\/01\/IMG_9627-2048x1536.jpeg 2048w\" sizes=\"auto, (max-width: 150px) 100vw, 150px\" \/><\/a>\n\t\t\t<\/dt><\/dl>\n\t\t\t<br style='clear: both' \/>\n\t\t<\/div>\n\n<\/div>\n<\/div>\n<div dir=\"auto\">\u00a0<\/div>\n\n","protected":false},"excerpt":{"rendered":"<p>Datum: \u00a025.01.2025 \u00dcbungszeit: \u00a0 09:00 &#8211; 12:30\u00a0 Am 25.01.2025 fand die Fachbereichs\u00fcbung zum Thema Sanit\u00e4t, gemeinsam mit dem Roten Kreuz der Dienststelle Gratkorn, statt.\u00a0 Die \u00dcbung wurde mit einem kurzen Theorieblock begonnen, worauf kleine \u00dcbungsszenarien folgten. Ge\u00fcbt wurden unter anderem Erste Hilfe Ma\u00dfnahmen, sowie die Rettung von Menschen aus Gefahrenbereichen mittels Korb- und Schaufeltrage. Abgeschlossen [&hellip;]<\/p>\n","protected":false},"author":12,"featured_media":12653,"comment_status":"open","ping_status":"open","sticky":false,"template":"","format":"standard","meta":{"footnotes":""},"categories":[118],"tags":[],"class_list":["post-12624","post","type-post","status-publish","format-standard","has-post-thumbnail","hentry","category-uebungen-2025"],"yoast_head":"<!-- This site is optimized with the Yoast SEO plugin v26.9 - https:\/\/yoast.com\/product\/yoast-seo-wordpress\/ -->\n<title>Fachbereichs\u00fcbung | Thema Sanit\u00e4t - Freiwillige Feuerwehr Gratkorn - Markt<\/title>\n<meta name=\"robots\" content=\"index, follow, max-snippet:-1, max-image-preview:large, max-video-preview:-1\" \/>\n<link rel=\"canonical\" href=\"https:\/\/www.feuerwehr-gratkorn.at\/home\/uebungen-2025\/12624\/\" \/>\n<meta property=\"og:locale\" content=\"de_DE\" \/>\n<meta property=\"og:type\" content=\"article\" \/>\n<meta property=\"og:title\" content=\"Fachbereichs\u00fcbung | Thema Sanit\u00e4t - Freiwillige Feuerwehr Gratkorn - Markt\" \/>\n<meta property=\"og:description\" content=\"Datum: \u00a025.01.2025 \u00dcbungszeit: \u00a0 09:00 &#8211; 12:30\u00a0 Am 25.01.2025 fand die Fachbereichs\u00fcbung zum Thema Sanit\u00e4t, gemeinsam mit dem Roten Kreuz der Dienststelle Gratkorn, statt.\u00a0 Die \u00dcbung wurde mit einem kurzen Theorieblock begonnen, worauf kleine \u00dcbungsszenarien folgten. Ge\u00fcbt wurden unter anderem Erste Hilfe Ma\u00dfnahmen, sowie die Rettung von Menschen aus Gefahrenbereichen mittels Korb- und Schaufeltrage. Abgeschlossen [&hellip;]\" \/>\n<meta property=\"og:url\" content=\"https:\/\/www.feuerwehr-gratkorn.at\/home\/uebungen-2025\/12624\/\" \/>\n<meta property=\"og:site_name\" content=\"Freiwillige Feuerwehr Gratkorn - Markt\" \/>\n<meta property=\"article:publisher\" content=\"https:\/\/www.facebook.com\/FeuerwehrGratkorn\" \/>\n<meta property=\"article:published_time\" content=\"2025-01-25T17:41:29+00:00\" \/>\n<meta property=\"article:modified_time\" content=\"2025-01-25T17:50:39+00:00\" \/>\n<meta property=\"og:image\" content=\"https:\/\/www.feuerwehr-gratkorn.at\/home\/wp-content\/uploads\/2025\/01\/IMG_9629-scaled.jpeg\" \/>\n\t<meta property=\"og:image:width\" content=\"2560\" \/>\n\t<meta property=\"og:image:height\" content=\"1920\" \/>\n\t<meta property=\"og:image:type\" content=\"image\/jpeg\" \/>\n<meta name=\"author\" content=\"Annika Cresnik\" \/>\n<meta name=\"twitter:card\" content=\"summary_large_image\" \/>\n<meta name=\"twitter:label1\" content=\"Verfasst von\" \/>\n\t<meta name=\"twitter:data1\" content=\"Annika Cresnik\" \/>\n\t<meta name=\"twitter:label2\" content=\"Gesch\u00e4tzte Lesezeit\" \/>\n\t<meta name=\"twitter:data2\" content=\"1\u00a0Minute\" \/>\n<script type=\"application\/ld+json\" class=\"yoast-schema-graph\">{\"@context\":\"https:\/\/schema.org\",\"@graph\":[{\"@type\":\"Article\",\"@id\":\"https:\/\/www.feuerwehr-gratkorn.at\/home\/uebungen-2025\/12624\/#article\",\"isPartOf\":{\"@id\":\"https:\/\/www.feuerwehr-gratkorn.at\/home\/uebungen-2025\/12624\/\"},\"author\":{\"name\":\"Annika Cresnik\",\"@id\":\"https:\/\/www.feuerwehr-gratkorn.at\/home\/#\/schema\/person\/e32d740d5e2b635405bee4eadaeea2e4\"},\"headline\":\"Fachbereichs\u00fcbung | Thema Sanit\u00e4t\",\"datePublished\":\"2025-01-25T17:41:29+00:00\",\"dateModified\":\"2025-01-25T17:50:39+00:00\",\"mainEntityOfPage\":{\"@id\":\"https:\/\/www.feuerwehr-gratkorn.at\/home\/uebungen-2025\/12624\/\"},\"wordCount\":99,\"commentCount\":0,\"publisher\":{\"@id\":\"https:\/\/www.feuerwehr-gratkorn.at\/home\/#organization\"},\"image\":{\"@id\":\"https:\/\/www.feuerwehr-gratkorn.at\/home\/uebungen-2025\/12624\/#primaryimage\"},\"thumbnailUrl\":\"https:\/\/www.feuerwehr-gratkorn.at\/home\/wp-content\/uploads\/2025\/01\/IMG_9629-scaled.jpeg\",\"articleSection\":[\"\u00dcbungen 2025\"],\"inLanguage\":\"de\",\"potentialAction\":[{\"@type\":\"CommentAction\",\"name\":\"Comment\",\"target\":[\"https:\/\/www.feuerwehr-gratkorn.at\/home\/uebungen-2025\/12624\/#respond\"]}]},{\"@type\":\"WebPage\",\"@id\":\"https:\/\/www.feuerwehr-gratkorn.at\/home\/uebungen-2025\/12624\/\",\"url\":\"https:\/\/www.feuerwehr-gratkorn.at\/home\/uebungen-2025\/12624\/\",\"name\":\"Fachbereichs\u00fcbung | Thema Sanit\u00e4t - Freiwillige Feuerwehr Gratkorn - Markt\",\"isPartOf\":{\"@id\":\"https:\/\/www.feuerwehr-gratkorn.at\/home\/#website\"},\"primaryImageOfPage\":{\"@id\":\"https:\/\/www.feuerwehr-gratkorn.at\/home\/uebungen-2025\/12624\/#primaryimage\"},\"image\":{\"@id\":\"https:\/\/www.feuerwehr-gratkorn.at\/home\/uebungen-2025\/12624\/#primaryimage\"},\"thumbnailUrl\":\"https:\/\/www.feuerwehr-gratkorn.at\/home\/wp-content\/uploads\/2025\/01\/IMG_9629-scaled.jpeg\",\"datePublished\":\"2025-01-25T17:41:29+00:00\",\"dateModified\":\"2025-01-25T17:50:39+00:00\",\"breadcrumb\":{\"@id\":\"https:\/\/www.feuerwehr-gratkorn.at\/home\/uebungen-2025\/12624\/#breadcrumb\"},\"inLanguage\":\"de\",\"potentialAction\":[{\"@type\":\"ReadAction\",\"target\":[\"https:\/\/www.feuerwehr-gratkorn.at\/home\/uebungen-2025\/12624\/\"]}]},{\"@type\":\"ImageObject\",\"inLanguage\":\"de\",\"@id\":\"https:\/\/www.feuerwehr-gratkorn.at\/home\/uebungen-2025\/12624\/#primaryimage\",\"url\":\"https:\/\/www.feuerwehr-gratkorn.at\/home\/wp-content\/uploads\/2025\/01\/IMG_9629-scaled.jpeg\",\"contentUrl\":\"https:\/\/www.feuerwehr-gratkorn.at\/home\/wp-content\/uploads\/2025\/01\/IMG_9629-scaled.jpeg\",\"width\":2560,\"height\":1920},{\"@type\":\"BreadcrumbList\",\"@id\":\"https:\/\/www.feuerwehr-gratkorn.at\/home\/uebungen-2025\/12624\/#breadcrumb\",\"itemListElement\":[{\"@type\":\"ListItem\",\"position\":1,\"name\":\"Startseite\",\"item\":\"https:\/\/www.feuerwehr-gratkorn.at\/home\/\"},{\"@type\":\"ListItem\",\"position\":2,\"name\":\"Fachbereichs\u00fcbung | Thema Sanit\u00e4t\"}]},{\"@type\":\"WebSite\",\"@id\":\"https:\/\/www.feuerwehr-gratkorn.at\/home\/#website\",\"url\":\"https:\/\/www.feuerwehr-gratkorn.at\/home\/\",\"name\":\"Freiwillige Feuerwehr Gratkorn - Markt\",\"description\":\"Unsere Freizeit f\u00fcr Ihre Sicherheit\",\"publisher\":{\"@id\":\"https:\/\/www.feuerwehr-gratkorn.at\/home\/#organization\"},\"potentialAction\":[{\"@type\":\"SearchAction\",\"target\":{\"@type\":\"EntryPoint\",\"urlTemplate\":\"https:\/\/www.feuerwehr-gratkorn.at\/home\/?s={search_term_string}\"},\"query-input\":{\"@type\":\"PropertyValueSpecification\",\"valueRequired\":true,\"valueName\":\"search_term_string\"}}],\"inLanguage\":\"de\"},{\"@type\":\"Organization\",\"@id\":\"https:\/\/www.feuerwehr-gratkorn.at\/home\/#organization\",\"name\":\"Freiwillige Feuerwehr Gratkorn - Markt\",\"url\":\"https:\/\/www.feuerwehr-gratkorn.at\/home\/\",\"logo\":{\"@type\":\"ImageObject\",\"inLanguage\":\"de\",\"@id\":\"https:\/\/www.feuerwehr-gratkorn.at\/home\/#\/schema\/logo\/image\/\",\"url\":\"https:\/\/www.feuerwehr-gratkorn.at\/home\/wp-content\/uploads\/2017\/01\/feuerwehrlogo.png\",\"contentUrl\":\"https:\/\/www.feuerwehr-gratkorn.at\/home\/wp-content\/uploads\/2017\/01\/feuerwehrlogo.png\",\"width\":225,\"height\":225,\"caption\":\"Freiwillige Feuerwehr Gratkorn - Markt\"},\"image\":{\"@id\":\"https:\/\/www.feuerwehr-gratkorn.at\/home\/#\/schema\/logo\/image\/\"},\"sameAs\":[\"https:\/\/www.facebook.com\/FeuerwehrGratkorn\",\"https:\/\/www.youtube.com\/channel\/UCzJVDxEgwKg6lxZNPn3A3AQ\"]},{\"@type\":\"Person\",\"@id\":\"https:\/\/www.feuerwehr-gratkorn.at\/home\/#\/schema\/person\/e32d740d5e2b635405bee4eadaeea2e4\",\"name\":\"Annika Cresnik\",\"image\":{\"@type\":\"ImageObject\",\"inLanguage\":\"de\",\"@id\":\"https:\/\/www.feuerwehr-gratkorn.at\/home\/#\/schema\/person\/image\/\",\"url\":\"https:\/\/secure.gravatar.com\/avatar\/d625f83b92235011363d6a401f06e029e4e6c8774522cfd5478d5dbdab45a04c?s=96&d=mm&r=g\",\"contentUrl\":\"https:\/\/secure.gravatar.com\/avatar\/d625f83b92235011363d6a401f06e029e4e6c8774522cfd5478d5dbdab45a04c?s=96&d=mm&r=g\",\"caption\":\"Annika Cresnik\"}}]}<\/script>\n<!-- \/ Yoast SEO plugin. -->","yoast_head_json":{"title":"Fachbereichs\u00fcbung | Thema Sanit\u00e4t - Freiwillige Feuerwehr Gratkorn - Markt","robots":{"index":"index","follow":"follow","max-snippet":"max-snippet:-1","max-image-preview":"max-image-preview:large","max-video-preview":"max-video-preview:-1"},"canonical":"https:\/\/www.feuerwehr-gratkorn.at\/home\/uebungen-2025\/12624\/","og_locale":"de_DE","og_type":"article","og_title":"Fachbereichs\u00fcbung | Thema Sanit\u00e4t - Freiwillige Feuerwehr Gratkorn - Markt","og_description":"Datum: \u00a025.01.2025 \u00dcbungszeit: \u00a0 09:00 &#8211; 12:30\u00a0 Am 25.01.2025 fand die Fachbereichs\u00fcbung zum Thema Sanit\u00e4t, gemeinsam mit dem Roten Kreuz der Dienststelle Gratkorn, statt.\u00a0 Die \u00dcbung wurde mit einem kurzen Theorieblock begonnen, worauf kleine \u00dcbungsszenarien folgten. Ge\u00fcbt wurden unter anderem Erste Hilfe Ma\u00dfnahmen, sowie die Rettung von Menschen aus Gefahrenbereichen mittels Korb- und Schaufeltrage. Abgeschlossen [&hellip;]","og_url":"https:\/\/www.feuerwehr-gratkorn.at\/home\/uebungen-2025\/12624\/","og_site_name":"Freiwillige Feuerwehr Gratkorn - Markt","article_publisher":"https:\/\/www.facebook.com\/FeuerwehrGratkorn","article_published_time":"2025-01-25T17:41:29+00:00","article_modified_time":"2025-01-25T17:50:39+00:00","og_image":[{"width":2560,"height":1920,"url":"https:\/\/www.feuerwehr-gratkorn.at\/home\/wp-content\/uploads\/2025\/01\/IMG_9629-scaled.jpeg","type":"image\/jpeg"}],"author":"Annika Cresnik","twitter_card":"summary_large_image","twitter_misc":{"Verfasst von":"Annika Cresnik","Gesch\u00e4tzte Lesezeit":"1\u00a0Minute"},"schema":{"@context":"https:\/\/schema.org","@graph":[{"@type":"Article","@id":"https:\/\/www.feuerwehr-gratkorn.at\/home\/uebungen-2025\/12624\/#article","isPartOf":{"@id":"https:\/\/www.feuerwehr-gratkorn.at\/home\/uebungen-2025\/12624\/"},"author":{"name":"Annika Cresnik","@id":"https:\/\/www.feuerwehr-gratkorn.at\/home\/#\/schema\/person\/e32d740d5e2b635405bee4eadaeea2e4"},"headline":"Fachbereichs\u00fcbung | Thema Sanit\u00e4t","datePublished":"2025-01-25T17:41:29+00:00","dateModified":"2025-01-25T17:50:39+00:00","mainEntityOfPage":{"@id":"https:\/\/www.feuerwehr-gratkorn.at\/home\/uebungen-2025\/12624\/"},"wordCount":99,"commentCount":0,"publisher":{"@id":"https:\/\/www.feuerwehr-gratkorn.at\/home\/#organization"},"image":{"@id":"https:\/\/www.feuerwehr-gratkorn.at\/home\/uebungen-2025\/12624\/#primaryimage"},"thumbnailUrl":"https:\/\/www.feuerwehr-gratkorn.at\/home\/wp-content\/uploads\/2025\/01\/IMG_9629-scaled.jpeg","articleSection":["\u00dcbungen 2025"],"inLanguage":"de","potentialAction":[{"@type":"CommentAction","name":"Comment","target":["https:\/\/www.feuerwehr-gratkorn.at\/home\/uebungen-2025\/12624\/#respond"]}]},{"@type":"WebPage","@id":"https:\/\/www.feuerwehr-gratkorn.at\/home\/uebungen-2025\/12624\/","url":"https:\/\/www.feuerwehr-gratkorn.at\/home\/uebungen-2025\/12624\/","name":"Fachbereichs\u00fcbung | Thema Sanit\u00e4t - Freiwillige Feuerwehr Gratkorn - Markt","isPartOf":{"@id":"https:\/\/www.feuerwehr-gratkorn.at\/home\/#website"},"primaryImageOfPage":{"@id":"https:\/\/www.feuerwehr-gratkorn.at\/home\/uebungen-2025\/12624\/#primaryimage"},"image":{"@id":"https:\/\/www.feuerwehr-gratkorn.at\/home\/uebungen-2025\/12624\/#primaryimage"},"thumbnailUrl":"https:\/\/www.feuerwehr-gratkorn.at\/home\/wp-content\/uploads\/2025\/01\/IMG_9629-scaled.jpeg","datePublished":"2025-01-25T17:41:29+00:00","dateModified":"2025-01-25T17:50:39+00:00","breadcrumb":{"@id":"https:\/\/www.feuerwehr-gratkorn.at\/home\/uebungen-2025\/12624\/#breadcrumb"},"inLanguage":"de","potentialAction":[{"@type":"ReadAction","target":["https:\/\/www.feuerwehr-gratkorn.at\/home\/uebungen-2025\/12624\/"]}]},{"@type":"ImageObject","inLanguage":"de","@id":"https:\/\/www.feuerwehr-gratkorn.at\/home\/uebungen-2025\/12624\/#primaryimage","url":"https:\/\/www.feuerwehr-gratkorn.at\/home\/wp-content\/uploads\/2025\/01\/IMG_9629-scaled.jpeg","contentUrl":"https:\/\/www.feuerwehr-gratkorn.at\/home\/wp-content\/uploads\/2025\/01\/IMG_9629-scaled.jpeg","width":2560,"height":1920},{"@type":"BreadcrumbList","@id":"https:\/\/www.feuerwehr-gratkorn.at\/home\/uebungen-2025\/12624\/#breadcrumb","itemListElement":[{"@type":"ListItem","position":1,"name":"Startseite","item":"https:\/\/www.feuerwehr-gratkorn.at\/home\/"},{"@type":"ListItem","position":2,"name":"Fachbereichs\u00fcbung | Thema Sanit\u00e4t"}]},{"@type":"WebSite","@id":"https:\/\/www.feuerwehr-gratkorn.at\/home\/#website","url":"https:\/\/www.feuerwehr-gratkorn.at\/home\/","name":"Freiwillige Feuerwehr Gratkorn - Markt","description":"Unsere Freizeit f\u00fcr Ihre Sicherheit","publisher":{"@id":"https:\/\/www.feuerwehr-gratkorn.at\/home\/#organization"},"potentialAction":[{"@type":"SearchAction","target":{"@type":"EntryPoint","urlTemplate":"https:\/\/www.feuerwehr-gratkorn.at\/home\/?s={search_term_string}"},"query-input":{"@type":"PropertyValueSpecification","valueRequired":true,"valueName":"search_term_string"}}],"inLanguage":"de"},{"@type":"Organization","@id":"https:\/\/www.feuerwehr-gratkorn.at\/home\/#organization","name":"Freiwillige Feuerwehr Gratkorn - Markt","url":"https:\/\/www.feuerwehr-gratkorn.at\/home\/","logo":{"@type":"ImageObject","inLanguage":"de","@id":"https:\/\/www.feuerwehr-gratkorn.at\/home\/#\/schema\/logo\/image\/","url":"https:\/\/www.feuerwehr-gratkorn.at\/home\/wp-content\/uploads\/2017\/01\/feuerwehrlogo.png","contentUrl":"https:\/\/www.feuerwehr-gratkorn.at\/home\/wp-content\/uploads\/2017\/01\/feuerwehrlogo.png","width":225,"height":225,"caption":"Freiwillige Feuerwehr Gratkorn - Markt"},"image":{"@id":"https:\/\/www.feuerwehr-gratkorn.at\/home\/#\/schema\/logo\/image\/"},"sameAs":["https:\/\/www.facebook.com\/FeuerwehrGratkorn","https:\/\/www.youtube.com\/channel\/UCzJVDxEgwKg6lxZNPn3A3AQ"]},{"@type":"Person","@id":"https:\/\/www.feuerwehr-gratkorn.at\/home\/#\/schema\/person\/e32d740d5e2b635405bee4eadaeea2e4","name":"Annika Cresnik","image":{"@type":"ImageObject","inLanguage":"de","@id":"https:\/\/www.feuerwehr-gratkorn.at\/home\/#\/schema\/person\/image\/","url":"https:\/\/secure.gravatar.com\/avatar\/d625f83b92235011363d6a401f06e029e4e6c8774522cfd5478d5dbdab45a04c?s=96&d=mm&r=g","contentUrl":"https:\/\/secure.gravatar.com\/avatar\/d625f83b92235011363d6a401f06e029e4e6c8774522cfd5478d5dbdab45a04c?s=96&d=mm&r=g","caption":"Annika Cresnik"}}]}},"_links":{"self":[{"href":"https:\/\/www.feuerwehr-gratkorn.at\/home\/wp-json\/wp\/v2\/posts\/12624","targetHints":{"allow":["GET"]}}],"collection":[{"href":"https:\/\/www.feuerwehr-gratkorn.at\/home\/wp-json\/wp\/v2\/posts"}],"about":[{"href":"https:\/\/www.feuerwehr-gratkorn.at\/home\/wp-json\/wp\/v2\/types\/post"}],"author":[{"embeddable":true,"href":"https:\/\/www.feuerwehr-gratkorn.at\/home\/wp-json\/wp\/v2\/users\/12"}],"replies":[{"embeddable":true,"href":"https:\/\/www.feuerwehr-gratkorn.at\/home\/wp-json\/wp\/v2\/comments?post=12624"}],"version-history":[{"count":2,"href":"https:\/\/www.feuerwehr-gratkorn.at\/home\/wp-json\/wp\/v2\/posts\/12624\/revisions"}],"predecessor-version":[{"id":12682,"href":"https:\/\/www.feuerwehr-gratkorn.at\/home\/wp-json\/wp\/v2\/posts\/12624\/revisions\/12682"}],"wp:featuredmedia":[{"embeddable":true,"href":"https:\/\/www.feuerwehr-gratkorn.at\/home\/wp-json\/wp\/v2\/media\/12653"}],"wp:attachment":[{"href":"https:\/\/www.feuerwehr-gratkorn.at\/home\/wp-json\/wp\/v2\/media?parent=12624"}],"wp:term":[{"taxonomy":"category","embeddable":true,"href":"https:\/\/www.feuerwehr-gratkorn.at\/home\/wp-json\/wp\/v2\/categories?post=12624"},{"taxonomy":"post_tag","embeddable":true,"href":"https:\/\/www.feuerwehr-gratkorn.at\/home\/wp-json\/wp\/v2\/tags?post=12624"}],"curies":[{"name":"wp","href":"https:\/\/api.w.org\/{rel}","templated":true}]}}