{"id":12827,"date":"2025-03-22T09:31:37","date_gmt":"2025-03-22T09:31:37","guid":{"rendered":"https:\/\/www.feuerwehr-gratkorn.at\/home\/?p=12827"},"modified":"2025-04-06T10:12:26","modified_gmt":"2025-04-06T10:12:26","slug":"b08-fahrzeugbrand-a9-2-2-2-2-2-2-2-2-3-2-2-2-2-2-3-2-2-2-2-2-2-2-2-3-2-2-2-2-2-2-2-2-2-3-2-2-2-2-2-2-2-2-2-2-2-2-2-2-3-2-2-2-3-3-2-2-3-2-3-2-2-2-2-2-2-2-2-2-3-2-2-2-2-2-2-2-2-2-2-3-2-2-2-4-4-4-5-2-94","status":"publish","type":"post","link":"https:\/\/www.feuerwehr-gratkorn.at\/home\/einsaetze-2025\/1-quartal-2025\/12827\/","title":{"rendered":"T03V &#8211; Verkehrsunfall mit verletzter Person | Bruckerstra\u00dfe"},"content":{"rendered":"\n\n<table style=\"width: 90.312%; margin-left: 30px; height: 284px;\">\n<tbody>\n<tr style=\"height: 33px;\">\n<td style=\"width: 31.0114%; height: 33px;\"><em><strong>Datum:<\/strong><\/em><\/td>\n<td style=\"width: 68.8241%; height: 33px;\">\n<p>\u00a0 \u00a021.03.2025<\/p>\n<\/td>\n<\/tr>\n<tr style=\"height: 33px;\">\n<td style=\"width: 31.0114%; height: 33px;\"><em><strong>Einsatzzeit:<\/strong><\/em><\/td>\n<td style=\"width: 68.8241%; height: 33px;\">\u00a0 \u00a018:00 &#8211; 19:00<\/td>\n<\/tr>\n<tr style=\"height: 133px;\">\n<td style=\"width: 31.0114%; height: 133px;\"><em><strong>Eingesetzte Fahrzeuge:<\/strong><\/em><\/td>\n<td style=\"width: 68.8241%; height: 133px;\">\n<ul>\n<li>MTF<\/li>\n<li>HLF 3<\/li>\n<li>KRF-S Tunnel\u00a0<\/li>\n<\/ul>\n<\/td>\n<\/tr>\n<tr style=\"height: 85px;\">\n<td style=\"width: 31.0114%; height: 85px;\"><em><strong>Weitere Einheiten:<\/strong><\/em><\/td>\n<td style=\"width: 68.8241%; height: 85px;\">\n<ul>\n<li>Polizei<\/li>\n<li>Rettung\u00a0<\/li>\n<\/ul>\n<\/td>\n<\/tr>\n<\/tbody>\n<\/table>\n<div class=\"cxmmr5t8 oygrvhab hcukyx3x c1et5uql o9v6fnle ii04i59q\">\n<div class=\"cxmmr5t8 oygrvhab hcukyx3x c1et5uql o9v6fnle ii04i59q\">\n<p>Auf der R\u00fcckfahrt ins R\u00fcsthaus nach einer Lift\u00f6ffnung in der Bruckerstra\u00dfe stie\u00dfen wir auf einen Verkehrsunfall.\u00a0<\/p>\n<\/div>\n<p>Es handelte sich um einen Unfall zwischen zwei PKW, wobei zwei Personen verletzt wurden.\u00a0<\/p>\n<p><strong>T\u00e4tigkeiten der Feuerwehr:\u00a0<\/strong><\/p>\n<ul>\n<li>Absichern der Unfallstelle\u00a0<\/li>\n<li>Verkehrsregelung\u00a0<\/li>\n<li>Unterst\u00fctzung bei der Betreuung der verletzten Personen\u00a0<\/li>\n<li>Binden von Betriebsmitteln\u00a0<\/li>\n<li>Freimachen der Verkehrsfl\u00e4che\u00a0<\/li>\n<li>PKW gesichert abgestellt\u00a0<\/li>\n<\/ul>\n<\/div>\n\n\n\n\n\n\t\t<style type=\"text\/css\">\n\t\t\t#gallery-1 {\n\t\t\t\tmargin: auto;\n\t\t\t}\n\t\t\t#gallery-1 .gallery-item {\n\t\t\t\tfloat: left;\n\t\t\t\tmargin-top: 10px;\n\t\t\t\ttext-align: center;\n\t\t\t\twidth: 33%;\n\t\t\t}\n\t\t\t#gallery-1 img {\n\t\t\t\tborder: 2px solid #cfcfcf;\n\t\t\t}\n\t\t\t#gallery-1 .gallery-caption {\n\t\t\t\tmargin-left: 0;\n\t\t\t}\n\t\t\t\/* see gallery_shortcode() in wp-includes\/media.php *\/\n\t\t<\/style>\n\t\t<div id='gallery-1' class='gallery galleryid-12827 gallery-columns-3 gallery-size-thumbnail'><dl class='gallery-item'>\n\t\t\t<dt class='gallery-icon landscape'>\n\t\t\t\t<a href='https:\/\/www.feuerwehr-gratkorn.at\/home\/wp-content\/uploads\/2025\/03\/17b3dc84-bc15-494b-8dcd-16e7e20cc44a.jpeg'><img loading=\"lazy\" decoding=\"async\" width=\"150\" height=\"113\" src=\"https:\/\/www.feuerwehr-gratkorn.at\/home\/wp-content\/uploads\/2025\/03\/17b3dc84-bc15-494b-8dcd-16e7e20cc44a-150x113.jpeg\" class=\"attachment-thumbnail size-thumbnail\" alt=\"\" srcset=\"https:\/\/www.feuerwehr-gratkorn.at\/home\/wp-content\/uploads\/2025\/03\/17b3dc84-bc15-494b-8dcd-16e7e20cc44a-150x113.jpeg 150w, https:\/\/www.feuerwehr-gratkorn.at\/home\/wp-content\/uploads\/2025\/03\/17b3dc84-bc15-494b-8dcd-16e7e20cc44a-300x225.jpeg 300w, https:\/\/www.feuerwehr-gratkorn.at\/home\/wp-content\/uploads\/2025\/03\/17b3dc84-bc15-494b-8dcd-16e7e20cc44a-720x540.jpeg 720w, https:\/\/www.feuerwehr-gratkorn.at\/home\/wp-content\/uploads\/2025\/03\/17b3dc84-bc15-494b-8dcd-16e7e20cc44a-768x576.jpeg 768w, https:\/\/www.feuerwehr-gratkorn.at\/home\/wp-content\/uploads\/2025\/03\/17b3dc84-bc15-494b-8dcd-16e7e20cc44a-1536x1152.jpeg 1536w, https:\/\/www.feuerwehr-gratkorn.at\/home\/wp-content\/uploads\/2025\/03\/17b3dc84-bc15-494b-8dcd-16e7e20cc44a.jpeg 1600w\" sizes=\"auto, (max-width: 150px) 100vw, 150px\" \/><\/a>\n\t\t\t<\/dt><\/dl><dl class='gallery-item'>\n\t\t\t<dt class='gallery-icon landscape'>\n\t\t\t\t<a href='https:\/\/www.feuerwehr-gratkorn.at\/home\/wp-content\/uploads\/2025\/03\/98ba7128-5c1d-431b-9774-ad7f8deee366.jpeg'><img loading=\"lazy\" decoding=\"async\" width=\"150\" height=\"113\" src=\"https:\/\/www.feuerwehr-gratkorn.at\/home\/wp-content\/uploads\/2025\/03\/98ba7128-5c1d-431b-9774-ad7f8deee366-150x113.jpeg\" class=\"attachment-thumbnail size-thumbnail\" alt=\"\" srcset=\"https:\/\/www.feuerwehr-gratkorn.at\/home\/wp-content\/uploads\/2025\/03\/98ba7128-5c1d-431b-9774-ad7f8deee366-150x113.jpeg 150w, https:\/\/www.feuerwehr-gratkorn.at\/home\/wp-content\/uploads\/2025\/03\/98ba7128-5c1d-431b-9774-ad7f8deee366-300x225.jpeg 300w, https:\/\/www.feuerwehr-gratkorn.at\/home\/wp-content\/uploads\/2025\/03\/98ba7128-5c1d-431b-9774-ad7f8deee366-720x540.jpeg 720w, https:\/\/www.feuerwehr-gratkorn.at\/home\/wp-content\/uploads\/2025\/03\/98ba7128-5c1d-431b-9774-ad7f8deee366-768x576.jpeg 768w, https:\/\/www.feuerwehr-gratkorn.at\/home\/wp-content\/uploads\/2025\/03\/98ba7128-5c1d-431b-9774-ad7f8deee366-1536x1152.jpeg 1536w, https:\/\/www.feuerwehr-gratkorn.at\/home\/wp-content\/uploads\/2025\/03\/98ba7128-5c1d-431b-9774-ad7f8deee366.jpeg 1600w\" sizes=\"auto, (max-width: 150px) 100vw, 150px\" \/><\/a>\n\t\t\t<\/dt><\/dl><dl class='gallery-item'>\n\t\t\t<dt class='gallery-icon landscape'>\n\t\t\t\t<a href='https:\/\/www.feuerwehr-gratkorn.at\/home\/wp-content\/uploads\/2025\/03\/38583589-3c44-4a69-b75c-77b75171f771.jpeg'><img loading=\"lazy\" decoding=\"async\" width=\"150\" height=\"113\" src=\"https:\/\/www.feuerwehr-gratkorn.at\/home\/wp-content\/uploads\/2025\/03\/38583589-3c44-4a69-b75c-77b75171f771-150x113.jpeg\" class=\"attachment-thumbnail size-thumbnail\" alt=\"\" srcset=\"https:\/\/www.feuerwehr-gratkorn.at\/home\/wp-content\/uploads\/2025\/03\/38583589-3c44-4a69-b75c-77b75171f771-150x113.jpeg 150w, https:\/\/www.feuerwehr-gratkorn.at\/home\/wp-content\/uploads\/2025\/03\/38583589-3c44-4a69-b75c-77b75171f771-300x225.jpeg 300w, https:\/\/www.feuerwehr-gratkorn.at\/home\/wp-content\/uploads\/2025\/03\/38583589-3c44-4a69-b75c-77b75171f771-720x540.jpeg 720w, https:\/\/www.feuerwehr-gratkorn.at\/home\/wp-content\/uploads\/2025\/03\/38583589-3c44-4a69-b75c-77b75171f771-768x576.jpeg 768w, https:\/\/www.feuerwehr-gratkorn.at\/home\/wp-content\/uploads\/2025\/03\/38583589-3c44-4a69-b75c-77b75171f771-1536x1152.jpeg 1536w, https:\/\/www.feuerwehr-gratkorn.at\/home\/wp-content\/uploads\/2025\/03\/38583589-3c44-4a69-b75c-77b75171f771.jpeg 1600w\" sizes=\"auto, (max-width: 150px) 100vw, 150px\" \/><\/a>\n\t\t\t<\/dt><\/dl><br style=\"clear: both\" \/><dl class='gallery-item'>\n\t\t\t<dt class='gallery-icon landscape'>\n\t\t\t\t<a href='https:\/\/www.feuerwehr-gratkorn.at\/home\/wp-content\/uploads\/2025\/03\/33983097-3af2-48fe-867b-af0a6116c159.jpeg'><img loading=\"lazy\" decoding=\"async\" width=\"150\" height=\"113\" src=\"https:\/\/www.feuerwehr-gratkorn.at\/home\/wp-content\/uploads\/2025\/03\/33983097-3af2-48fe-867b-af0a6116c159-150x113.jpeg\" class=\"attachment-thumbnail size-thumbnail\" alt=\"\" srcset=\"https:\/\/www.feuerwehr-gratkorn.at\/home\/wp-content\/uploads\/2025\/03\/33983097-3af2-48fe-867b-af0a6116c159-150x113.jpeg 150w, https:\/\/www.feuerwehr-gratkorn.at\/home\/wp-content\/uploads\/2025\/03\/33983097-3af2-48fe-867b-af0a6116c159-300x225.jpeg 300w, https:\/\/www.feuerwehr-gratkorn.at\/home\/wp-content\/uploads\/2025\/03\/33983097-3af2-48fe-867b-af0a6116c159-720x540.jpeg 720w, https:\/\/www.feuerwehr-gratkorn.at\/home\/wp-content\/uploads\/2025\/03\/33983097-3af2-48fe-867b-af0a6116c159-768x576.jpeg 768w, https:\/\/www.feuerwehr-gratkorn.at\/home\/wp-content\/uploads\/2025\/03\/33983097-3af2-48fe-867b-af0a6116c159-1536x1152.jpeg 1536w, https:\/\/www.feuerwehr-gratkorn.at\/home\/wp-content\/uploads\/2025\/03\/33983097-3af2-48fe-867b-af0a6116c159.jpeg 1600w\" sizes=\"auto, (max-width: 150px) 100vw, 150px\" \/><\/a>\n\t\t\t<\/dt><\/dl>\n\t\t\t<br style='clear: both' \/>\n\t\t<\/div>\n\n","protected":false},"excerpt":{"rendered":"<p>Datum: \u00a0 \u00a021.03.2025 Einsatzzeit: \u00a0 \u00a018:00 &#8211; 19:00 Eingesetzte Fahrzeuge: MTF HLF 3 KRF-S Tunnel\u00a0 Weitere Einheiten: Polizei Rettung\u00a0 Auf der R\u00fcckfahrt ins R\u00fcsthaus nach einer Lift\u00f6ffnung in der Bruckerstra\u00dfe stie\u00dfen wir auf einen Verkehrsunfall.\u00a0 Es handelte sich um einen Unfall zwischen zwei PKW, wobei zwei Personen verletzt wurden.\u00a0 T\u00e4tigkeiten der Feuerwehr:\u00a0 Absichern der Unfallstelle\u00a0 [&hellip;]<\/p>\n","protected":false},"author":12,"featured_media":12829,"comment_status":"open","ping_status":"open","sticky":false,"template":"","format":"standard","meta":{"footnotes":""},"categories":[114,113],"tags":[],"class_list":["post-12827","post","type-post","status-publish","format-standard","has-post-thumbnail","hentry","category-1-quartal-2025","category-einsaetze-2025"],"yoast_head":"<!-- This site is optimized with the Yoast SEO plugin v26.9 - https:\/\/yoast.com\/product\/yoast-seo-wordpress\/ -->\n<title>T03V - Verkehrsunfall mit verletzter Person | Bruckerstra\u00dfe - Freiwillige Feuerwehr Gratkorn - Markt<\/title>\n<meta name=\"robots\" content=\"index, follow, max-snippet:-1, max-image-preview:large, max-video-preview:-1\" \/>\n<link rel=\"canonical\" href=\"https:\/\/www.feuerwehr-gratkorn.at\/home\/einsaetze-2025\/1-quartal-2025\/12827\/\" \/>\n<meta property=\"og:locale\" content=\"de_DE\" \/>\n<meta property=\"og:type\" content=\"article\" \/>\n<meta property=\"og:title\" content=\"T03V - Verkehrsunfall mit verletzter Person | Bruckerstra\u00dfe - Freiwillige Feuerwehr Gratkorn - Markt\" \/>\n<meta property=\"og:description\" content=\"Datum: \u00a0 \u00a021.03.2025 Einsatzzeit: \u00a0 \u00a018:00 &#8211; 19:00 Eingesetzte Fahrzeuge: MTF HLF 3 KRF-S Tunnel\u00a0 Weitere Einheiten: Polizei Rettung\u00a0 Auf der R\u00fcckfahrt ins R\u00fcsthaus nach einer Lift\u00f6ffnung in der Bruckerstra\u00dfe stie\u00dfen wir auf einen Verkehrsunfall.\u00a0 Es handelte sich um einen Unfall zwischen zwei PKW, wobei zwei Personen verletzt wurden.\u00a0 T\u00e4tigkeiten der Feuerwehr:\u00a0 Absichern der Unfallstelle\u00a0 [&hellip;]\" \/>\n<meta property=\"og:url\" content=\"https:\/\/www.feuerwehr-gratkorn.at\/home\/einsaetze-2025\/1-quartal-2025\/12827\/\" \/>\n<meta property=\"og:site_name\" content=\"Freiwillige Feuerwehr Gratkorn - Markt\" \/>\n<meta property=\"article:publisher\" content=\"https:\/\/www.facebook.com\/FeuerwehrGratkorn\" \/>\n<meta property=\"article:published_time\" content=\"2025-03-22T09:31:37+00:00\" \/>\n<meta property=\"article:modified_time\" content=\"2025-04-06T10:12:26+00:00\" \/>\n<meta property=\"og:image\" content=\"https:\/\/www.feuerwehr-gratkorn.at\/home\/wp-content\/uploads\/2025\/03\/33983097-3af2-48fe-867b-af0a6116c159.jpeg\" \/>\n\t<meta property=\"og:image:width\" content=\"1600\" \/>\n\t<meta property=\"og:image:height\" content=\"1200\" \/>\n\t<meta property=\"og:image:type\" content=\"image\/jpeg\" \/>\n<meta name=\"author\" content=\"Annika Cresnik\" \/>\n<meta name=\"twitter:card\" content=\"summary_large_image\" \/>\n<meta name=\"twitter:label1\" content=\"Verfasst von\" \/>\n\t<meta name=\"twitter:data1\" content=\"Annika Cresnik\" \/>\n\t<meta name=\"twitter:label2\" content=\"Gesch\u00e4tzte Lesezeit\" \/>\n\t<meta name=\"twitter:data2\" content=\"1\u00a0Minute\" \/>\n<script type=\"application\/ld+json\" class=\"yoast-schema-graph\">{\"@context\":\"https:\/\/schema.org\",\"@graph\":[{\"@type\":\"Article\",\"@id\":\"https:\/\/www.feuerwehr-gratkorn.at\/home\/einsaetze-2025\/1-quartal-2025\/12827\/#article\",\"isPartOf\":{\"@id\":\"https:\/\/www.feuerwehr-gratkorn.at\/home\/einsaetze-2025\/1-quartal-2025\/12827\/\"},\"author\":{\"name\":\"Annika Cresnik\",\"@id\":\"https:\/\/www.feuerwehr-gratkorn.at\/home\/#\/schema\/person\/e32d740d5e2b635405bee4eadaeea2e4\"},\"headline\":\"T03V &#8211; Verkehrsunfall mit verletzter Person | Bruckerstra\u00dfe\",\"datePublished\":\"2025-03-22T09:31:37+00:00\",\"dateModified\":\"2025-04-06T10:12:26+00:00\",\"mainEntityOfPage\":{\"@id\":\"https:\/\/www.feuerwehr-gratkorn.at\/home\/einsaetze-2025\/1-quartal-2025\/12827\/\"},\"wordCount\":87,\"commentCount\":0,\"publisher\":{\"@id\":\"https:\/\/www.feuerwehr-gratkorn.at\/home\/#organization\"},\"image\":{\"@id\":\"https:\/\/www.feuerwehr-gratkorn.at\/home\/einsaetze-2025\/1-quartal-2025\/12827\/#primaryimage\"},\"thumbnailUrl\":\"https:\/\/www.feuerwehr-gratkorn.at\/home\/wp-content\/uploads\/2025\/03\/33983097-3af2-48fe-867b-af0a6116c159.jpeg\",\"articleSection\":[\"1. Quartal 2025\",\"Eins\u00e4tze 2025\"],\"inLanguage\":\"de\",\"potentialAction\":[{\"@type\":\"CommentAction\",\"name\":\"Comment\",\"target\":[\"https:\/\/www.feuerwehr-gratkorn.at\/home\/einsaetze-2025\/1-quartal-2025\/12827\/#respond\"]}]},{\"@type\":\"WebPage\",\"@id\":\"https:\/\/www.feuerwehr-gratkorn.at\/home\/einsaetze-2025\/1-quartal-2025\/12827\/\",\"url\":\"https:\/\/www.feuerwehr-gratkorn.at\/home\/einsaetze-2025\/1-quartal-2025\/12827\/\",\"name\":\"T03V - Verkehrsunfall mit verletzter Person | Bruckerstra\u00dfe - Freiwillige Feuerwehr Gratkorn - Markt\",\"isPartOf\":{\"@id\":\"https:\/\/www.feuerwehr-gratkorn.at\/home\/#website\"},\"primaryImageOfPage\":{\"@id\":\"https:\/\/www.feuerwehr-gratkorn.at\/home\/einsaetze-2025\/1-quartal-2025\/12827\/#primaryimage\"},\"image\":{\"@id\":\"https:\/\/www.feuerwehr-gratkorn.at\/home\/einsaetze-2025\/1-quartal-2025\/12827\/#primaryimage\"},\"thumbnailUrl\":\"https:\/\/www.feuerwehr-gratkorn.at\/home\/wp-content\/uploads\/2025\/03\/33983097-3af2-48fe-867b-af0a6116c159.jpeg\",\"datePublished\":\"2025-03-22T09:31:37+00:00\",\"dateModified\":\"2025-04-06T10:12:26+00:00\",\"breadcrumb\":{\"@id\":\"https:\/\/www.feuerwehr-gratkorn.at\/home\/einsaetze-2025\/1-quartal-2025\/12827\/#breadcrumb\"},\"inLanguage\":\"de\",\"potentialAction\":[{\"@type\":\"ReadAction\",\"target\":[\"https:\/\/www.feuerwehr-gratkorn.at\/home\/einsaetze-2025\/1-quartal-2025\/12827\/\"]}]},{\"@type\":\"ImageObject\",\"inLanguage\":\"de\",\"@id\":\"https:\/\/www.feuerwehr-gratkorn.at\/home\/einsaetze-2025\/1-quartal-2025\/12827\/#primaryimage\",\"url\":\"https:\/\/www.feuerwehr-gratkorn.at\/home\/wp-content\/uploads\/2025\/03\/33983097-3af2-48fe-867b-af0a6116c159.jpeg\",\"contentUrl\":\"https:\/\/www.feuerwehr-gratkorn.at\/home\/wp-content\/uploads\/2025\/03\/33983097-3af2-48fe-867b-af0a6116c159.jpeg\",\"width\":1600,\"height\":1200},{\"@type\":\"BreadcrumbList\",\"@id\":\"https:\/\/www.feuerwehr-gratkorn.at\/home\/einsaetze-2025\/1-quartal-2025\/12827\/#breadcrumb\",\"itemListElement\":[{\"@type\":\"ListItem\",\"position\":1,\"name\":\"Startseite\",\"item\":\"https:\/\/www.feuerwehr-gratkorn.at\/home\/\"},{\"@type\":\"ListItem\",\"position\":2,\"name\":\"T03V &#8211; Verkehrsunfall mit verletzter Person | Bruckerstra\u00dfe\"}]},{\"@type\":\"WebSite\",\"@id\":\"https:\/\/www.feuerwehr-gratkorn.at\/home\/#website\",\"url\":\"https:\/\/www.feuerwehr-gratkorn.at\/home\/\",\"name\":\"Freiwillige Feuerwehr Gratkorn - Markt\",\"description\":\"Unsere Freizeit f\u00fcr Ihre Sicherheit\",\"publisher\":{\"@id\":\"https:\/\/www.feuerwehr-gratkorn.at\/home\/#organization\"},\"potentialAction\":[{\"@type\":\"SearchAction\",\"target\":{\"@type\":\"EntryPoint\",\"urlTemplate\":\"https:\/\/www.feuerwehr-gratkorn.at\/home\/?s={search_term_string}\"},\"query-input\":{\"@type\":\"PropertyValueSpecification\",\"valueRequired\":true,\"valueName\":\"search_term_string\"}}],\"inLanguage\":\"de\"},{\"@type\":\"Organization\",\"@id\":\"https:\/\/www.feuerwehr-gratkorn.at\/home\/#organization\",\"name\":\"Freiwillige Feuerwehr Gratkorn - Markt\",\"url\":\"https:\/\/www.feuerwehr-gratkorn.at\/home\/\",\"logo\":{\"@type\":\"ImageObject\",\"inLanguage\":\"de\",\"@id\":\"https:\/\/www.feuerwehr-gratkorn.at\/home\/#\/schema\/logo\/image\/\",\"url\":\"https:\/\/www.feuerwehr-gratkorn.at\/home\/wp-content\/uploads\/2017\/01\/feuerwehrlogo.png\",\"contentUrl\":\"https:\/\/www.feuerwehr-gratkorn.at\/home\/wp-content\/uploads\/2017\/01\/feuerwehrlogo.png\",\"width\":225,\"height\":225,\"caption\":\"Freiwillige Feuerwehr Gratkorn - Markt\"},\"image\":{\"@id\":\"https:\/\/www.feuerwehr-gratkorn.at\/home\/#\/schema\/logo\/image\/\"},\"sameAs\":[\"https:\/\/www.facebook.com\/FeuerwehrGratkorn\",\"https:\/\/www.youtube.com\/channel\/UCzJVDxEgwKg6lxZNPn3A3AQ\"]},{\"@type\":\"Person\",\"@id\":\"https:\/\/www.feuerwehr-gratkorn.at\/home\/#\/schema\/person\/e32d740d5e2b635405bee4eadaeea2e4\",\"name\":\"Annika Cresnik\",\"image\":{\"@type\":\"ImageObject\",\"inLanguage\":\"de\",\"@id\":\"https:\/\/www.feuerwehr-gratkorn.at\/home\/#\/schema\/person\/image\/\",\"url\":\"https:\/\/secure.gravatar.com\/avatar\/d625f83b92235011363d6a401f06e029e4e6c8774522cfd5478d5dbdab45a04c?s=96&d=mm&r=g\",\"contentUrl\":\"https:\/\/secure.gravatar.com\/avatar\/d625f83b92235011363d6a401f06e029e4e6c8774522cfd5478d5dbdab45a04c?s=96&d=mm&r=g\",\"caption\":\"Annika Cresnik\"}}]}<\/script>\n<!-- \/ Yoast SEO plugin. -->","yoast_head_json":{"title":"T03V - Verkehrsunfall mit verletzter Person | Bruckerstra\u00dfe - Freiwillige Feuerwehr Gratkorn - Markt","robots":{"index":"index","follow":"follow","max-snippet":"max-snippet:-1","max-image-preview":"max-image-preview:large","max-video-preview":"max-video-preview:-1"},"canonical":"https:\/\/www.feuerwehr-gratkorn.at\/home\/einsaetze-2025\/1-quartal-2025\/12827\/","og_locale":"de_DE","og_type":"article","og_title":"T03V - Verkehrsunfall mit verletzter Person | Bruckerstra\u00dfe - Freiwillige Feuerwehr Gratkorn - Markt","og_description":"Datum: \u00a0 \u00a021.03.2025 Einsatzzeit: \u00a0 \u00a018:00 &#8211; 19:00 Eingesetzte Fahrzeuge: MTF HLF 3 KRF-S Tunnel\u00a0 Weitere Einheiten: Polizei Rettung\u00a0 Auf der R\u00fcckfahrt ins R\u00fcsthaus nach einer Lift\u00f6ffnung in der Bruckerstra\u00dfe stie\u00dfen wir auf einen Verkehrsunfall.\u00a0 Es handelte sich um einen Unfall zwischen zwei PKW, wobei zwei Personen verletzt wurden.\u00a0 T\u00e4tigkeiten der Feuerwehr:\u00a0 Absichern der Unfallstelle\u00a0 [&hellip;]","og_url":"https:\/\/www.feuerwehr-gratkorn.at\/home\/einsaetze-2025\/1-quartal-2025\/12827\/","og_site_name":"Freiwillige Feuerwehr Gratkorn - Markt","article_publisher":"https:\/\/www.facebook.com\/FeuerwehrGratkorn","article_published_time":"2025-03-22T09:31:37+00:00","article_modified_time":"2025-04-06T10:12:26+00:00","og_image":[{"width":1600,"height":1200,"url":"https:\/\/www.feuerwehr-gratkorn.at\/home\/wp-content\/uploads\/2025\/03\/33983097-3af2-48fe-867b-af0a6116c159.jpeg","type":"image\/jpeg"}],"author":"Annika Cresnik","twitter_card":"summary_large_image","twitter_misc":{"Verfasst von":"Annika Cresnik","Gesch\u00e4tzte Lesezeit":"1\u00a0Minute"},"schema":{"@context":"https:\/\/schema.org","@graph":[{"@type":"Article","@id":"https:\/\/www.feuerwehr-gratkorn.at\/home\/einsaetze-2025\/1-quartal-2025\/12827\/#article","isPartOf":{"@id":"https:\/\/www.feuerwehr-gratkorn.at\/home\/einsaetze-2025\/1-quartal-2025\/12827\/"},"author":{"name":"Annika Cresnik","@id":"https:\/\/www.feuerwehr-gratkorn.at\/home\/#\/schema\/person\/e32d740d5e2b635405bee4eadaeea2e4"},"headline":"T03V &#8211; Verkehrsunfall mit verletzter Person | Bruckerstra\u00dfe","datePublished":"2025-03-22T09:31:37+00:00","dateModified":"2025-04-06T10:12:26+00:00","mainEntityOfPage":{"@id":"https:\/\/www.feuerwehr-gratkorn.at\/home\/einsaetze-2025\/1-quartal-2025\/12827\/"},"wordCount":87,"commentCount":0,"publisher":{"@id":"https:\/\/www.feuerwehr-gratkorn.at\/home\/#organization"},"image":{"@id":"https:\/\/www.feuerwehr-gratkorn.at\/home\/einsaetze-2025\/1-quartal-2025\/12827\/#primaryimage"},"thumbnailUrl":"https:\/\/www.feuerwehr-gratkorn.at\/home\/wp-content\/uploads\/2025\/03\/33983097-3af2-48fe-867b-af0a6116c159.jpeg","articleSection":["1. Quartal 2025","Eins\u00e4tze 2025"],"inLanguage":"de","potentialAction":[{"@type":"CommentAction","name":"Comment","target":["https:\/\/www.feuerwehr-gratkorn.at\/home\/einsaetze-2025\/1-quartal-2025\/12827\/#respond"]}]},{"@type":"WebPage","@id":"https:\/\/www.feuerwehr-gratkorn.at\/home\/einsaetze-2025\/1-quartal-2025\/12827\/","url":"https:\/\/www.feuerwehr-gratkorn.at\/home\/einsaetze-2025\/1-quartal-2025\/12827\/","name":"T03V - Verkehrsunfall mit verletzter Person | Bruckerstra\u00dfe - Freiwillige Feuerwehr Gratkorn - Markt","isPartOf":{"@id":"https:\/\/www.feuerwehr-gratkorn.at\/home\/#website"},"primaryImageOfPage":{"@id":"https:\/\/www.feuerwehr-gratkorn.at\/home\/einsaetze-2025\/1-quartal-2025\/12827\/#primaryimage"},"image":{"@id":"https:\/\/www.feuerwehr-gratkorn.at\/home\/einsaetze-2025\/1-quartal-2025\/12827\/#primaryimage"},"thumbnailUrl":"https:\/\/www.feuerwehr-gratkorn.at\/home\/wp-content\/uploads\/2025\/03\/33983097-3af2-48fe-867b-af0a6116c159.jpeg","datePublished":"2025-03-22T09:31:37+00:00","dateModified":"2025-04-06T10:12:26+00:00","breadcrumb":{"@id":"https:\/\/www.feuerwehr-gratkorn.at\/home\/einsaetze-2025\/1-quartal-2025\/12827\/#breadcrumb"},"inLanguage":"de","potentialAction":[{"@type":"ReadAction","target":["https:\/\/www.feuerwehr-gratkorn.at\/home\/einsaetze-2025\/1-quartal-2025\/12827\/"]}]},{"@type":"ImageObject","inLanguage":"de","@id":"https:\/\/www.feuerwehr-gratkorn.at\/home\/einsaetze-2025\/1-quartal-2025\/12827\/#primaryimage","url":"https:\/\/www.feuerwehr-gratkorn.at\/home\/wp-content\/uploads\/2025\/03\/33983097-3af2-48fe-867b-af0a6116c159.jpeg","contentUrl":"https:\/\/www.feuerwehr-gratkorn.at\/home\/wp-content\/uploads\/2025\/03\/33983097-3af2-48fe-867b-af0a6116c159.jpeg","width":1600,"height":1200},{"@type":"BreadcrumbList","@id":"https:\/\/www.feuerwehr-gratkorn.at\/home\/einsaetze-2025\/1-quartal-2025\/12827\/#breadcrumb","itemListElement":[{"@type":"ListItem","position":1,"name":"Startseite","item":"https:\/\/www.feuerwehr-gratkorn.at\/home\/"},{"@type":"ListItem","position":2,"name":"T03V &#8211; Verkehrsunfall mit verletzter Person | Bruckerstra\u00dfe"}]},{"@type":"WebSite","@id":"https:\/\/www.feuerwehr-gratkorn.at\/home\/#website","url":"https:\/\/www.feuerwehr-gratkorn.at\/home\/","name":"Freiwillige Feuerwehr Gratkorn - Markt","description":"Unsere Freizeit f\u00fcr Ihre Sicherheit","publisher":{"@id":"https:\/\/www.feuerwehr-gratkorn.at\/home\/#organization"},"potentialAction":[{"@type":"SearchAction","target":{"@type":"EntryPoint","urlTemplate":"https:\/\/www.feuerwehr-gratkorn.at\/home\/?s={search_term_string}"},"query-input":{"@type":"PropertyValueSpecification","valueRequired":true,"valueName":"search_term_string"}}],"inLanguage":"de"},{"@type":"Organization","@id":"https:\/\/www.feuerwehr-gratkorn.at\/home\/#organization","name":"Freiwillige Feuerwehr Gratkorn - Markt","url":"https:\/\/www.feuerwehr-gratkorn.at\/home\/","logo":{"@type":"ImageObject","inLanguage":"de","@id":"https:\/\/www.feuerwehr-gratkorn.at\/home\/#\/schema\/logo\/image\/","url":"https:\/\/www.feuerwehr-gratkorn.at\/home\/wp-content\/uploads\/2017\/01\/feuerwehrlogo.png","contentUrl":"https:\/\/www.feuerwehr-gratkorn.at\/home\/wp-content\/uploads\/2017\/01\/feuerwehrlogo.png","width":225,"height":225,"caption":"Freiwillige Feuerwehr Gratkorn - Markt"},"image":{"@id":"https:\/\/www.feuerwehr-gratkorn.at\/home\/#\/schema\/logo\/image\/"},"sameAs":["https:\/\/www.facebook.com\/FeuerwehrGratkorn","https:\/\/www.youtube.com\/channel\/UCzJVDxEgwKg6lxZNPn3A3AQ"]},{"@type":"Person","@id":"https:\/\/www.feuerwehr-gratkorn.at\/home\/#\/schema\/person\/e32d740d5e2b635405bee4eadaeea2e4","name":"Annika Cresnik","image":{"@type":"ImageObject","inLanguage":"de","@id":"https:\/\/www.feuerwehr-gratkorn.at\/home\/#\/schema\/person\/image\/","url":"https:\/\/secure.gravatar.com\/avatar\/d625f83b92235011363d6a401f06e029e4e6c8774522cfd5478d5dbdab45a04c?s=96&d=mm&r=g","contentUrl":"https:\/\/secure.gravatar.com\/avatar\/d625f83b92235011363d6a401f06e029e4e6c8774522cfd5478d5dbdab45a04c?s=96&d=mm&r=g","caption":"Annika Cresnik"}}]}},"_links":{"self":[{"href":"https:\/\/www.feuerwehr-gratkorn.at\/home\/wp-json\/wp\/v2\/posts\/12827","targetHints":{"allow":["GET"]}}],"collection":[{"href":"https:\/\/www.feuerwehr-gratkorn.at\/home\/wp-json\/wp\/v2\/posts"}],"about":[{"href":"https:\/\/www.feuerwehr-gratkorn.at\/home\/wp-json\/wp\/v2\/types\/post"}],"author":[{"embeddable":true,"href":"https:\/\/www.feuerwehr-gratkorn.at\/home\/wp-json\/wp\/v2\/users\/12"}],"replies":[{"embeddable":true,"href":"https:\/\/www.feuerwehr-gratkorn.at\/home\/wp-json\/wp\/v2\/comments?post=12827"}],"version-history":[{"count":2,"href":"https:\/\/www.feuerwehr-gratkorn.at\/home\/wp-json\/wp\/v2\/posts\/12827\/revisions"}],"predecessor-version":[{"id":12833,"href":"https:\/\/www.feuerwehr-gratkorn.at\/home\/wp-json\/wp\/v2\/posts\/12827\/revisions\/12833"}],"wp:featuredmedia":[{"embeddable":true,"href":"https:\/\/www.feuerwehr-gratkorn.at\/home\/wp-json\/wp\/v2\/media\/12829"}],"wp:attachment":[{"href":"https:\/\/www.feuerwehr-gratkorn.at\/home\/wp-json\/wp\/v2\/media?parent=12827"}],"wp:term":[{"taxonomy":"category","embeddable":true,"href":"https:\/\/www.feuerwehr-gratkorn.at\/home\/wp-json\/wp\/v2\/categories?post=12827"},{"taxonomy":"post_tag","embeddable":true,"href":"https:\/\/www.feuerwehr-gratkorn.at\/home\/wp-json\/wp\/v2\/tags?post=12827"}],"curies":[{"name":"wp","href":"https:\/\/api.w.org\/{rel}","templated":true}]}}