{"id":3744,"date":"2020-04-17T10:37:22","date_gmt":"2020-04-17T10:37:22","guid":{"rendered":"http:\/\/www.feuerwehr-gratkorn.at\/home\/?p=3744"},"modified":"2020-04-17T10:54:33","modified_gmt":"2020-04-17T10:54:33","slug":"2020-04-16","status":"publish","type":"post","link":"https:\/\/www.feuerwehr-gratkorn.at\/home\/einsaetze-2020\/3744\/","title":{"rendered":"B08 &#8211; Fahrzeugbrand   |   A9"},"content":{"rendered":"<table style=\"width: 90.312%; margin-left: 30px; height: 284px;\">\n<tbody>\n<tr style=\"height: 33px;\">\n<td style=\"width: 209.609px; height: 33px;\"><em><strong>Datum:<\/strong><\/em><\/td>\n<td style=\"width: 351.609px; height: 33px;\">16.04.2020<\/td>\n<\/tr>\n<tr style=\"height: 33px;\">\n<td style=\"width: 209.609px; height: 33px;\"><em><strong>Einsatzzeit:<\/strong><\/em><\/td>\n<td style=\"width: 351.609px; height: 33px;\">15:18 &#8211; 20:00<\/td>\n<\/tr>\n<tr style=\"height: 133px;\">\n<td style=\"width: 209.609px; height: 133px;\"><em><strong>Eingesetzte Fahrzeuge:<\/strong><\/em><\/td>\n<td style=\"width: 351.609px; height: 133px;\">\n<ul>\n<li>TLF-A 3000-200<\/li>\n<li>SRF<\/li>\n<\/ul>\n<\/td>\n<\/tr>\n<tr style=\"height: 85px;\">\n<td style=\"width: 209.609px; height: 85px;\"><em><strong>Weitere Einheiten:<\/strong><\/em><\/td>\n<td style=\"width: 351.609px; height: 85px;\">\n<ul>\n<li>FF Friesach &#8211; W\u00f6rth<\/li>\n<li>FF Deutschfeistritz<\/li>\n<li>FF \u00dcbelbach<\/li>\n<li>FF Peggau<\/li>\n<li>FF Gratwein<\/li>\n<li>FF Kleinst\u00fcbing<\/li>\n<li>Asfinag<\/li>\n<li>Polizei<\/li>\n<\/ul>\n<\/td>\n<\/tr>\n<\/tbody>\n<\/table>\n<p><!--more--><\/p>\n<p>Die Feuerwehr Gratkorn &#8211; Markt, wurde zu einem LKW-Brand auf der A9 alarmiert.<\/p>\n<p>Um ca. 15:08 wurde die Feuerwehr Deutschfeistritz sowie die Feuerwehr \u00dcbelbach zu einem LKW-Brand im Bereich der A9 Auffahrt \u00dcbelbach alarmiert. In diesem Bereich konnte allerdings kein Brand festgestellt werden.<\/p>\n<p>Um ca. 15:18 wurde die Feuerwehr Friesach-W\u00f6rth ebenfalls zu einem LKW-Brand alarmiert. Bereits auf der Anfahrt konnte vom Einsatzleiter eine starke Rauchentwicklung festgestellt werden. Die Fahrzeuge der FF Deutschfeistritz sowie der FF \u00dcbelbach machten sich sofort auf den Weg zur neuen Einsatzstelle.<\/p>\n<p>Aufgrund des gro\u00dfen L\u00f6schwasserbedarfs wurde um ca. 15:29 von der Einsatzleitung Friesach-W\u00f6rth die Feuerwehr Gratkorn-Markt, Gratwein und Peggau alarmiert.<\/p>\n<p>Durch die Brandintensit\u00e4t begann auch die L\u00e4rmschutzwand sowie das Geb\u00fcsch Feuer zu fangen. Daher wurde die Feuerwehr Kleinst\u00fcbing f\u00fcr die L\u00f6scharbeiten an der L\u00e4rmschutzwand alarmiert.<\/p>\n<p>Aufgaben der Feuerwehr Gratkorn:<br \/>&#8211; Unterst\u00fctzung bei der Brandbek\u00e4mpfung<br \/>&#8211; Abr\u00e4umen des Auflegers mittels Holzgreifer des SRF<\/p>\n\n\t\t<style type=\"text\/css\">\n\t\t\t#gallery-1 {\n\t\t\t\tmargin: auto;\n\t\t\t}\n\t\t\t#gallery-1 .gallery-item {\n\t\t\t\tfloat: left;\n\t\t\t\tmargin-top: 10px;\n\t\t\t\ttext-align: center;\n\t\t\t\twidth: 33%;\n\t\t\t}\n\t\t\t#gallery-1 img {\n\t\t\t\tborder: 2px solid #cfcfcf;\n\t\t\t}\n\t\t\t#gallery-1 .gallery-caption {\n\t\t\t\tmargin-left: 0;\n\t\t\t}\n\t\t\t\/* see gallery_shortcode() in wp-includes\/media.php *\/\n\t\t<\/style>\n\t\t<div id='gallery-1' class='gallery galleryid-3744 gallery-columns-3 gallery-size-thumbnail'><dl class='gallery-item'>\n\t\t\t<dt class='gallery-icon landscape'>\n\t\t\t\t<a href='https:\/\/www.feuerwehr-gratkorn.at\/home\/wp-content\/uploads\/2020\/04\/2020-04-16-B08-15.jpeg'><img loading=\"lazy\" decoding=\"async\" width=\"150\" height=\"113\" src=\"https:\/\/www.feuerwehr-gratkorn.at\/home\/wp-content\/uploads\/2020\/04\/2020-04-16-B08-15-150x113.jpeg\" class=\"attachment-thumbnail size-thumbnail\" alt=\"\" srcset=\"https:\/\/www.feuerwehr-gratkorn.at\/home\/wp-content\/uploads\/2020\/04\/2020-04-16-B08-15-150x113.jpeg 150w, https:\/\/www.feuerwehr-gratkorn.at\/home\/wp-content\/uploads\/2020\/04\/2020-04-16-B08-15-300x225.jpeg 300w, https:\/\/www.feuerwehr-gratkorn.at\/home\/wp-content\/uploads\/2020\/04\/2020-04-16-B08-15.jpeg 720w\" sizes=\"auto, (max-width: 150px) 100vw, 150px\" \/><\/a>\n\t\t\t<\/dt><\/dl><dl class='gallery-item'>\n\t\t\t<dt class='gallery-icon landscape'>\n\t\t\t\t<a href='https:\/\/www.feuerwehr-gratkorn.at\/home\/wp-content\/uploads\/2020\/04\/2020-04-16-B08-12.jpeg'><img loading=\"lazy\" decoding=\"async\" width=\"150\" height=\"113\" src=\"https:\/\/www.feuerwehr-gratkorn.at\/home\/wp-content\/uploads\/2020\/04\/2020-04-16-B08-12-150x113.jpeg\" class=\"attachment-thumbnail size-thumbnail\" alt=\"\" srcset=\"https:\/\/www.feuerwehr-gratkorn.at\/home\/wp-content\/uploads\/2020\/04\/2020-04-16-B08-12-150x113.jpeg 150w, https:\/\/www.feuerwehr-gratkorn.at\/home\/wp-content\/uploads\/2020\/04\/2020-04-16-B08-12-300x225.jpeg 300w, https:\/\/www.feuerwehr-gratkorn.at\/home\/wp-content\/uploads\/2020\/04\/2020-04-16-B08-12.jpeg 720w\" sizes=\"auto, (max-width: 150px) 100vw, 150px\" \/><\/a>\n\t\t\t<\/dt><\/dl><dl class='gallery-item'>\n\t\t\t<dt class='gallery-icon landscape'>\n\t\t\t\t<a href='https:\/\/www.feuerwehr-gratkorn.at\/home\/wp-content\/uploads\/2020\/04\/2020-04-16-B08-11.jpeg'><img loading=\"lazy\" decoding=\"async\" width=\"150\" height=\"113\" src=\"https:\/\/www.feuerwehr-gratkorn.at\/home\/wp-content\/uploads\/2020\/04\/2020-04-16-B08-11-150x113.jpeg\" class=\"attachment-thumbnail size-thumbnail\" alt=\"\" srcset=\"https:\/\/www.feuerwehr-gratkorn.at\/home\/wp-content\/uploads\/2020\/04\/2020-04-16-B08-11-150x113.jpeg 150w, https:\/\/www.feuerwehr-gratkorn.at\/home\/wp-content\/uploads\/2020\/04\/2020-04-16-B08-11-300x225.jpeg 300w, https:\/\/www.feuerwehr-gratkorn.at\/home\/wp-content\/uploads\/2020\/04\/2020-04-16-B08-11.jpeg 720w\" sizes=\"auto, (max-width: 150px) 100vw, 150px\" \/><\/a>\n\t\t\t<\/dt><\/dl><br style=\"clear: both\" \/><dl class='gallery-item'>\n\t\t\t<dt class='gallery-icon landscape'>\n\t\t\t\t<a href='https:\/\/www.feuerwehr-gratkorn.at\/home\/wp-content\/uploads\/2020\/04\/2020-04-16-B08-5.jpeg'><img loading=\"lazy\" decoding=\"async\" width=\"150\" height=\"113\" src=\"https:\/\/www.feuerwehr-gratkorn.at\/home\/wp-content\/uploads\/2020\/04\/2020-04-16-B08-5-150x113.jpeg\" class=\"attachment-thumbnail size-thumbnail\" alt=\"\" srcset=\"https:\/\/www.feuerwehr-gratkorn.at\/home\/wp-content\/uploads\/2020\/04\/2020-04-16-B08-5-150x113.jpeg 150w, https:\/\/www.feuerwehr-gratkorn.at\/home\/wp-content\/uploads\/2020\/04\/2020-04-16-B08-5-300x225.jpeg 300w, https:\/\/www.feuerwehr-gratkorn.at\/home\/wp-content\/uploads\/2020\/04\/2020-04-16-B08-5.jpeg 720w\" sizes=\"auto, (max-width: 150px) 100vw, 150px\" \/><\/a>\n\t\t\t<\/dt><\/dl><dl class='gallery-item'>\n\t\t\t<dt class='gallery-icon landscape'>\n\t\t\t\t<a href='https:\/\/www.feuerwehr-gratkorn.at\/home\/wp-content\/uploads\/2020\/04\/2020-04-16-B08-2.jpeg'><img loading=\"lazy\" decoding=\"async\" width=\"150\" height=\"113\" src=\"https:\/\/www.feuerwehr-gratkorn.at\/home\/wp-content\/uploads\/2020\/04\/2020-04-16-B08-2-150x113.jpeg\" class=\"attachment-thumbnail size-thumbnail\" alt=\"\" srcset=\"https:\/\/www.feuerwehr-gratkorn.at\/home\/wp-content\/uploads\/2020\/04\/2020-04-16-B08-2-150x113.jpeg 150w, https:\/\/www.feuerwehr-gratkorn.at\/home\/wp-content\/uploads\/2020\/04\/2020-04-16-B08-2-300x225.jpeg 300w, https:\/\/www.feuerwehr-gratkorn.at\/home\/wp-content\/uploads\/2020\/04\/2020-04-16-B08-2.jpeg 720w\" sizes=\"auto, (max-width: 150px) 100vw, 150px\" \/><\/a>\n\t\t\t<\/dt><\/dl>\n\t\t\t<br style='clear: both' \/>\n\t\t<\/div>\n\n\n","protected":false},"excerpt":{"rendered":"<p>Datum: 16.04.2020 Einsatzzeit: 15:18 &#8211; 20:00 Eingesetzte Fahrzeuge: TLF-A 3000-200 SRF Weitere Einheiten: FF Friesach &#8211; W\u00f6rth FF Deutschfeistritz FF \u00dcbelbach FF Peggau FF Gratwein FF Kleinst\u00fcbing Asfinag Polizei<\/p>\n","protected":false},"author":1,"featured_media":3736,"comment_status":"open","ping_status":"open","sticky":false,"template":"","format":"standard","meta":{"footnotes":""},"categories":[49,47],"tags":[],"class_list":["post-3744","post","type-post","status-publish","format-standard","has-post-thumbnail","hentry","category-2-quartal-2020","category-einsaetze-2020"],"yoast_head":"<!-- This site is optimized with the Yoast SEO plugin v26.9 - https:\/\/yoast.com\/product\/yoast-seo-wordpress\/ -->\n<title>B08 - Fahrzeugbrand  |  A9 - Freiwillige Feuerwehr Gratkorn - Markt<\/title>\n<meta name=\"robots\" content=\"index, follow, max-snippet:-1, max-image-preview:large, max-video-preview:-1\" \/>\n<link rel=\"canonical\" href=\"https:\/\/www.feuerwehr-gratkorn.at\/home\/einsaetze-2020\/3744\/\" \/>\n<meta property=\"og:locale\" content=\"de_DE\" \/>\n<meta property=\"og:type\" content=\"article\" \/>\n<meta property=\"og:title\" content=\"B08 - Fahrzeugbrand  |  A9 - Freiwillige Feuerwehr Gratkorn - Markt\" \/>\n<meta property=\"og:description\" content=\"Datum: 16.04.2020 Einsatzzeit: 15:18 &#8211; 20:00 Eingesetzte Fahrzeuge: TLF-A 3000-200 SRF Weitere Einheiten: FF Friesach &#8211; W\u00f6rth FF Deutschfeistritz FF \u00dcbelbach FF Peggau FF Gratwein FF Kleinst\u00fcbing Asfinag Polizei\" \/>\n<meta property=\"og:url\" content=\"https:\/\/www.feuerwehr-gratkorn.at\/home\/einsaetze-2020\/3744\/\" \/>\n<meta property=\"og:site_name\" content=\"Freiwillige Feuerwehr Gratkorn - Markt\" \/>\n<meta property=\"article:publisher\" content=\"https:\/\/www.facebook.com\/FeuerwehrGratkorn\" \/>\n<meta property=\"article:published_time\" content=\"2020-04-17T10:37:22+00:00\" \/>\n<meta property=\"article:modified_time\" content=\"2020-04-17T10:54:33+00:00\" \/>\n<meta property=\"og:image\" content=\"https:\/\/www.feuerwehr-gratkorn.at\/home\/wp-content\/uploads\/2020\/04\/2020-04-16-B08-2.jpeg\" \/>\n\t<meta property=\"og:image:width\" content=\"720\" \/>\n\t<meta property=\"og:image:height\" content=\"540\" \/>\n\t<meta property=\"og:image:type\" content=\"image\/jpeg\" \/>\n<meta name=\"author\" content=\"Sitter\" \/>\n<meta name=\"twitter:card\" content=\"summary_large_image\" \/>\n<meta name=\"twitter:label1\" content=\"Verfasst von\" \/>\n\t<meta name=\"twitter:data1\" content=\"Sitter\" \/>\n\t<meta name=\"twitter:label2\" content=\"Gesch\u00e4tzte Lesezeit\" \/>\n\t<meta name=\"twitter:data2\" content=\"1\u00a0Minute\" \/>\n<script type=\"application\/ld+json\" class=\"yoast-schema-graph\">{\"@context\":\"https:\/\/schema.org\",\"@graph\":[{\"@type\":\"Article\",\"@id\":\"https:\/\/www.feuerwehr-gratkorn.at\/home\/einsaetze-2020\/3744\/#article\",\"isPartOf\":{\"@id\":\"https:\/\/www.feuerwehr-gratkorn.at\/home\/einsaetze-2020\/3744\/\"},\"author\":{\"name\":\"Sitter\",\"@id\":\"https:\/\/www.feuerwehr-gratkorn.at\/home\/#\/schema\/person\/e2948a8721aed35576574a25261cea52\"},\"headline\":\"B08 &#8211; Fahrzeugbrand | A9\",\"datePublished\":\"2020-04-17T10:37:22+00:00\",\"dateModified\":\"2020-04-17T10:54:33+00:00\",\"mainEntityOfPage\":{\"@id\":\"https:\/\/www.feuerwehr-gratkorn.at\/home\/einsaetze-2020\/3744\/\"},\"wordCount\":192,\"commentCount\":0,\"publisher\":{\"@id\":\"https:\/\/www.feuerwehr-gratkorn.at\/home\/#organization\"},\"image\":{\"@id\":\"https:\/\/www.feuerwehr-gratkorn.at\/home\/einsaetze-2020\/3744\/#primaryimage\"},\"thumbnailUrl\":\"https:\/\/www.feuerwehr-gratkorn.at\/home\/wp-content\/uploads\/2020\/04\/2020-04-16-B08-2.jpeg\",\"articleSection\":[\"2. Quartal 2020\",\"Eins\u00e4tze 2020\"],\"inLanguage\":\"de\",\"potentialAction\":[{\"@type\":\"CommentAction\",\"name\":\"Comment\",\"target\":[\"https:\/\/www.feuerwehr-gratkorn.at\/home\/einsaetze-2020\/3744\/#respond\"]}]},{\"@type\":\"WebPage\",\"@id\":\"https:\/\/www.feuerwehr-gratkorn.at\/home\/einsaetze-2020\/3744\/\",\"url\":\"https:\/\/www.feuerwehr-gratkorn.at\/home\/einsaetze-2020\/3744\/\",\"name\":\"B08 - Fahrzeugbrand | A9 - Freiwillige Feuerwehr Gratkorn - Markt\",\"isPartOf\":{\"@id\":\"https:\/\/www.feuerwehr-gratkorn.at\/home\/#website\"},\"primaryImageOfPage\":{\"@id\":\"https:\/\/www.feuerwehr-gratkorn.at\/home\/einsaetze-2020\/3744\/#primaryimage\"},\"image\":{\"@id\":\"https:\/\/www.feuerwehr-gratkorn.at\/home\/einsaetze-2020\/3744\/#primaryimage\"},\"thumbnailUrl\":\"https:\/\/www.feuerwehr-gratkorn.at\/home\/wp-content\/uploads\/2020\/04\/2020-04-16-B08-2.jpeg\",\"datePublished\":\"2020-04-17T10:37:22+00:00\",\"dateModified\":\"2020-04-17T10:54:33+00:00\",\"breadcrumb\":{\"@id\":\"https:\/\/www.feuerwehr-gratkorn.at\/home\/einsaetze-2020\/3744\/#breadcrumb\"},\"inLanguage\":\"de\",\"potentialAction\":[{\"@type\":\"ReadAction\",\"target\":[\"https:\/\/www.feuerwehr-gratkorn.at\/home\/einsaetze-2020\/3744\/\"]}]},{\"@type\":\"ImageObject\",\"inLanguage\":\"de\",\"@id\":\"https:\/\/www.feuerwehr-gratkorn.at\/home\/einsaetze-2020\/3744\/#primaryimage\",\"url\":\"https:\/\/www.feuerwehr-gratkorn.at\/home\/wp-content\/uploads\/2020\/04\/2020-04-16-B08-2.jpeg\",\"contentUrl\":\"https:\/\/www.feuerwehr-gratkorn.at\/home\/wp-content\/uploads\/2020\/04\/2020-04-16-B08-2.jpeg\",\"width\":720,\"height\":540},{\"@type\":\"BreadcrumbList\",\"@id\":\"https:\/\/www.feuerwehr-gratkorn.at\/home\/einsaetze-2020\/3744\/#breadcrumb\",\"itemListElement\":[{\"@type\":\"ListItem\",\"position\":1,\"name\":\"Startseite\",\"item\":\"https:\/\/www.feuerwehr-gratkorn.at\/home\/\"},{\"@type\":\"ListItem\",\"position\":2,\"name\":\"B08 &#8211; Fahrzeugbrand | A9\"}]},{\"@type\":\"WebSite\",\"@id\":\"https:\/\/www.feuerwehr-gratkorn.at\/home\/#website\",\"url\":\"https:\/\/www.feuerwehr-gratkorn.at\/home\/\",\"name\":\"Freiwillige Feuerwehr Gratkorn - Markt\",\"description\":\"Unsere Freizeit f\u00fcr Ihre Sicherheit\",\"publisher\":{\"@id\":\"https:\/\/www.feuerwehr-gratkorn.at\/home\/#organization\"},\"potentialAction\":[{\"@type\":\"SearchAction\",\"target\":{\"@type\":\"EntryPoint\",\"urlTemplate\":\"https:\/\/www.feuerwehr-gratkorn.at\/home\/?s={search_term_string}\"},\"query-input\":{\"@type\":\"PropertyValueSpecification\",\"valueRequired\":true,\"valueName\":\"search_term_string\"}}],\"inLanguage\":\"de\"},{\"@type\":\"Organization\",\"@id\":\"https:\/\/www.feuerwehr-gratkorn.at\/home\/#organization\",\"name\":\"Freiwillige Feuerwehr Gratkorn - Markt\",\"url\":\"https:\/\/www.feuerwehr-gratkorn.at\/home\/\",\"logo\":{\"@type\":\"ImageObject\",\"inLanguage\":\"de\",\"@id\":\"https:\/\/www.feuerwehr-gratkorn.at\/home\/#\/schema\/logo\/image\/\",\"url\":\"https:\/\/www.feuerwehr-gratkorn.at\/home\/wp-content\/uploads\/2017\/01\/feuerwehrlogo.png\",\"contentUrl\":\"https:\/\/www.feuerwehr-gratkorn.at\/home\/wp-content\/uploads\/2017\/01\/feuerwehrlogo.png\",\"width\":225,\"height\":225,\"caption\":\"Freiwillige Feuerwehr Gratkorn - Markt\"},\"image\":{\"@id\":\"https:\/\/www.feuerwehr-gratkorn.at\/home\/#\/schema\/logo\/image\/\"},\"sameAs\":[\"https:\/\/www.facebook.com\/FeuerwehrGratkorn\",\"https:\/\/www.youtube.com\/channel\/UCzJVDxEgwKg6lxZNPn3A3AQ\"]},{\"@type\":\"Person\",\"@id\":\"https:\/\/www.feuerwehr-gratkorn.at\/home\/#\/schema\/person\/e2948a8721aed35576574a25261cea52\",\"name\":\"Sitter\",\"image\":{\"@type\":\"ImageObject\",\"inLanguage\":\"de\",\"@id\":\"https:\/\/www.feuerwehr-gratkorn.at\/home\/#\/schema\/person\/image\/\",\"url\":\"https:\/\/secure.gravatar.com\/avatar\/6206cc4ac4faf690e3c998c5812830b160a99ad27fa85c8018e680872854e9de?s=96&d=mm&r=g\",\"contentUrl\":\"https:\/\/secure.gravatar.com\/avatar\/6206cc4ac4faf690e3c998c5812830b160a99ad27fa85c8018e680872854e9de?s=96&d=mm&r=g\",\"caption\":\"Sitter\"}}]}<\/script>\n<!-- \/ Yoast SEO plugin. -->","yoast_head_json":{"title":"B08 - Fahrzeugbrand  |  A9 - Freiwillige Feuerwehr Gratkorn - Markt","robots":{"index":"index","follow":"follow","max-snippet":"max-snippet:-1","max-image-preview":"max-image-preview:large","max-video-preview":"max-video-preview:-1"},"canonical":"https:\/\/www.feuerwehr-gratkorn.at\/home\/einsaetze-2020\/3744\/","og_locale":"de_DE","og_type":"article","og_title":"B08 - Fahrzeugbrand  |  A9 - Freiwillige Feuerwehr Gratkorn - Markt","og_description":"Datum: 16.04.2020 Einsatzzeit: 15:18 &#8211; 20:00 Eingesetzte Fahrzeuge: TLF-A 3000-200 SRF Weitere Einheiten: FF Friesach &#8211; W\u00f6rth FF Deutschfeistritz FF \u00dcbelbach FF Peggau FF Gratwein FF Kleinst\u00fcbing Asfinag Polizei","og_url":"https:\/\/www.feuerwehr-gratkorn.at\/home\/einsaetze-2020\/3744\/","og_site_name":"Freiwillige Feuerwehr Gratkorn - Markt","article_publisher":"https:\/\/www.facebook.com\/FeuerwehrGratkorn","article_published_time":"2020-04-17T10:37:22+00:00","article_modified_time":"2020-04-17T10:54:33+00:00","og_image":[{"width":720,"height":540,"url":"https:\/\/www.feuerwehr-gratkorn.at\/home\/wp-content\/uploads\/2020\/04\/2020-04-16-B08-2.jpeg","type":"image\/jpeg"}],"author":"Sitter","twitter_card":"summary_large_image","twitter_misc":{"Verfasst von":"Sitter","Gesch\u00e4tzte Lesezeit":"1\u00a0Minute"},"schema":{"@context":"https:\/\/schema.org","@graph":[{"@type":"Article","@id":"https:\/\/www.feuerwehr-gratkorn.at\/home\/einsaetze-2020\/3744\/#article","isPartOf":{"@id":"https:\/\/www.feuerwehr-gratkorn.at\/home\/einsaetze-2020\/3744\/"},"author":{"name":"Sitter","@id":"https:\/\/www.feuerwehr-gratkorn.at\/home\/#\/schema\/person\/e2948a8721aed35576574a25261cea52"},"headline":"B08 &#8211; Fahrzeugbrand | A9","datePublished":"2020-04-17T10:37:22+00:00","dateModified":"2020-04-17T10:54:33+00:00","mainEntityOfPage":{"@id":"https:\/\/www.feuerwehr-gratkorn.at\/home\/einsaetze-2020\/3744\/"},"wordCount":192,"commentCount":0,"publisher":{"@id":"https:\/\/www.feuerwehr-gratkorn.at\/home\/#organization"},"image":{"@id":"https:\/\/www.feuerwehr-gratkorn.at\/home\/einsaetze-2020\/3744\/#primaryimage"},"thumbnailUrl":"https:\/\/www.feuerwehr-gratkorn.at\/home\/wp-content\/uploads\/2020\/04\/2020-04-16-B08-2.jpeg","articleSection":["2. Quartal 2020","Eins\u00e4tze 2020"],"inLanguage":"de","potentialAction":[{"@type":"CommentAction","name":"Comment","target":["https:\/\/www.feuerwehr-gratkorn.at\/home\/einsaetze-2020\/3744\/#respond"]}]},{"@type":"WebPage","@id":"https:\/\/www.feuerwehr-gratkorn.at\/home\/einsaetze-2020\/3744\/","url":"https:\/\/www.feuerwehr-gratkorn.at\/home\/einsaetze-2020\/3744\/","name":"B08 - Fahrzeugbrand | A9 - Freiwillige Feuerwehr Gratkorn - Markt","isPartOf":{"@id":"https:\/\/www.feuerwehr-gratkorn.at\/home\/#website"},"primaryImageOfPage":{"@id":"https:\/\/www.feuerwehr-gratkorn.at\/home\/einsaetze-2020\/3744\/#primaryimage"},"image":{"@id":"https:\/\/www.feuerwehr-gratkorn.at\/home\/einsaetze-2020\/3744\/#primaryimage"},"thumbnailUrl":"https:\/\/www.feuerwehr-gratkorn.at\/home\/wp-content\/uploads\/2020\/04\/2020-04-16-B08-2.jpeg","datePublished":"2020-04-17T10:37:22+00:00","dateModified":"2020-04-17T10:54:33+00:00","breadcrumb":{"@id":"https:\/\/www.feuerwehr-gratkorn.at\/home\/einsaetze-2020\/3744\/#breadcrumb"},"inLanguage":"de","potentialAction":[{"@type":"ReadAction","target":["https:\/\/www.feuerwehr-gratkorn.at\/home\/einsaetze-2020\/3744\/"]}]},{"@type":"ImageObject","inLanguage":"de","@id":"https:\/\/www.feuerwehr-gratkorn.at\/home\/einsaetze-2020\/3744\/#primaryimage","url":"https:\/\/www.feuerwehr-gratkorn.at\/home\/wp-content\/uploads\/2020\/04\/2020-04-16-B08-2.jpeg","contentUrl":"https:\/\/www.feuerwehr-gratkorn.at\/home\/wp-content\/uploads\/2020\/04\/2020-04-16-B08-2.jpeg","width":720,"height":540},{"@type":"BreadcrumbList","@id":"https:\/\/www.feuerwehr-gratkorn.at\/home\/einsaetze-2020\/3744\/#breadcrumb","itemListElement":[{"@type":"ListItem","position":1,"name":"Startseite","item":"https:\/\/www.feuerwehr-gratkorn.at\/home\/"},{"@type":"ListItem","position":2,"name":"B08 &#8211; Fahrzeugbrand | A9"}]},{"@type":"WebSite","@id":"https:\/\/www.feuerwehr-gratkorn.at\/home\/#website","url":"https:\/\/www.feuerwehr-gratkorn.at\/home\/","name":"Freiwillige Feuerwehr Gratkorn - Markt","description":"Unsere Freizeit f\u00fcr Ihre Sicherheit","publisher":{"@id":"https:\/\/www.feuerwehr-gratkorn.at\/home\/#organization"},"potentialAction":[{"@type":"SearchAction","target":{"@type":"EntryPoint","urlTemplate":"https:\/\/www.feuerwehr-gratkorn.at\/home\/?s={search_term_string}"},"query-input":{"@type":"PropertyValueSpecification","valueRequired":true,"valueName":"search_term_string"}}],"inLanguage":"de"},{"@type":"Organization","@id":"https:\/\/www.feuerwehr-gratkorn.at\/home\/#organization","name":"Freiwillige Feuerwehr Gratkorn - Markt","url":"https:\/\/www.feuerwehr-gratkorn.at\/home\/","logo":{"@type":"ImageObject","inLanguage":"de","@id":"https:\/\/www.feuerwehr-gratkorn.at\/home\/#\/schema\/logo\/image\/","url":"https:\/\/www.feuerwehr-gratkorn.at\/home\/wp-content\/uploads\/2017\/01\/feuerwehrlogo.png","contentUrl":"https:\/\/www.feuerwehr-gratkorn.at\/home\/wp-content\/uploads\/2017\/01\/feuerwehrlogo.png","width":225,"height":225,"caption":"Freiwillige Feuerwehr Gratkorn - Markt"},"image":{"@id":"https:\/\/www.feuerwehr-gratkorn.at\/home\/#\/schema\/logo\/image\/"},"sameAs":["https:\/\/www.facebook.com\/FeuerwehrGratkorn","https:\/\/www.youtube.com\/channel\/UCzJVDxEgwKg6lxZNPn3A3AQ"]},{"@type":"Person","@id":"https:\/\/www.feuerwehr-gratkorn.at\/home\/#\/schema\/person\/e2948a8721aed35576574a25261cea52","name":"Sitter","image":{"@type":"ImageObject","inLanguage":"de","@id":"https:\/\/www.feuerwehr-gratkorn.at\/home\/#\/schema\/person\/image\/","url":"https:\/\/secure.gravatar.com\/avatar\/6206cc4ac4faf690e3c998c5812830b160a99ad27fa85c8018e680872854e9de?s=96&d=mm&r=g","contentUrl":"https:\/\/secure.gravatar.com\/avatar\/6206cc4ac4faf690e3c998c5812830b160a99ad27fa85c8018e680872854e9de?s=96&d=mm&r=g","caption":"Sitter"}}]}},"_links":{"self":[{"href":"https:\/\/www.feuerwehr-gratkorn.at\/home\/wp-json\/wp\/v2\/posts\/3744","targetHints":{"allow":["GET"]}}],"collection":[{"href":"https:\/\/www.feuerwehr-gratkorn.at\/home\/wp-json\/wp\/v2\/posts"}],"about":[{"href":"https:\/\/www.feuerwehr-gratkorn.at\/home\/wp-json\/wp\/v2\/types\/post"}],"author":[{"embeddable":true,"href":"https:\/\/www.feuerwehr-gratkorn.at\/home\/wp-json\/wp\/v2\/users\/1"}],"replies":[{"embeddable":true,"href":"https:\/\/www.feuerwehr-gratkorn.at\/home\/wp-json\/wp\/v2\/comments?post=3744"}],"version-history":[{"count":3,"href":"https:\/\/www.feuerwehr-gratkorn.at\/home\/wp-json\/wp\/v2\/posts\/3744\/revisions"}],"predecessor-version":[{"id":3749,"href":"https:\/\/www.feuerwehr-gratkorn.at\/home\/wp-json\/wp\/v2\/posts\/3744\/revisions\/3749"}],"wp:featuredmedia":[{"embeddable":true,"href":"https:\/\/www.feuerwehr-gratkorn.at\/home\/wp-json\/wp\/v2\/media\/3736"}],"wp:attachment":[{"href":"https:\/\/www.feuerwehr-gratkorn.at\/home\/wp-json\/wp\/v2\/media?parent=3744"}],"wp:term":[{"taxonomy":"category","embeddable":true,"href":"https:\/\/www.feuerwehr-gratkorn.at\/home\/wp-json\/wp\/v2\/categories?post=3744"},{"taxonomy":"post_tag","embeddable":true,"href":"https:\/\/www.feuerwehr-gratkorn.at\/home\/wp-json\/wp\/v2\/tags?post=3744"}],"curies":[{"name":"wp","href":"https:\/\/api.w.org\/{rel}","templated":true}]}}