{"id":4182,"date":"2020-12-23T15:07:39","date_gmt":"2020-12-23T15:07:39","guid":{"rendered":"https:\/\/www.feuerwehr-gratkorn.at\/home\/?p=4182"},"modified":"2020-12-23T15:07:46","modified_gmt":"2020-12-23T15:07:46","slug":"2020-12-22","status":"publish","type":"post","link":"https:\/\/www.feuerwehr-gratkorn.at\/home\/einsaetze-2020\/4182\/","title":{"rendered":"T03 &#8211; Verkehrsunfall   |   L302"},"content":{"rendered":"<table style=\"width: 90.312%; margin-left: 30px; height: 284px;\">\n<tbody>\n<tr style=\"height: 33px;\">\n<td style=\"width: 209.609px; height: 33px;\"><em><strong>Datum:<\/strong><\/em><\/td>\n<td style=\"width: 351.609px; height: 33px;\">22.12.2020<\/td>\n<\/tr>\n<tr style=\"height: 33px;\">\n<td style=\"width: 209.609px; height: 33px;\"><em><strong>Einsatzzeit:<\/strong><\/em><\/td>\n<td style=\"width: 351.609px; height: 33px;\">23:55 &#8211; 00:45<\/td>\n<\/tr>\n<tr style=\"height: 133px;\">\n<td style=\"width: 209.609px; height: 133px;\"><em><strong>Eingesetzte Fahrzeuge:<\/strong><\/em><\/td>\n<td style=\"width: 351.609px; height: 133px;\">\n<ul>\n<li>HLF3<\/li>\n<li>KRFS-Tunnel<\/li>\n<\/ul>\n<\/td>\n<\/tr>\n<tr style=\"height: 85px;\">\n<td style=\"width: 209.609px; height: 85px;\"><em><strong>Weitere Einheiten:<\/strong><\/em><\/td>\n<td style=\"width: 351.609px; height: 85px;\">\n<ul>\n<li>Polizei<\/li>\n<li>\u00d6AMTC<\/li>\n<\/ul>\n<\/td>\n<\/tr>\n<\/tbody>\n<\/table>\n<p><!--more--><\/p>\n<p>Die Feuerwehr Gratkorn &#8211; Markt wurde zu einem Verkehrsunfall auf die L302 alarmiert.<\/p>\n<p>Aus bisher unbekannter Ursache kollidierte ein PKW-Lenker mit einem Stra\u00dfenschild auf einer Verkehrsinsel. Die Unfallstelle wurde abgesichert und der PKW mittels Seilwinde wieder auf die Stra\u00dfe gezogen.<br \/>Weiters wurden \u00d6lbindearbeiten durchgef\u00fchrt und die Stra\u00dfe anschlie\u00dfend wieder f\u00fcr den Verkehr freigegeben.<\/p>\n\n\t\t<style type=\"text\/css\">\n\t\t\t#gallery-1 {\n\t\t\t\tmargin: auto;\n\t\t\t}\n\t\t\t#gallery-1 .gallery-item {\n\t\t\t\tfloat: left;\n\t\t\t\tmargin-top: 10px;\n\t\t\t\ttext-align: center;\n\t\t\t\twidth: 33%;\n\t\t\t}\n\t\t\t#gallery-1 img {\n\t\t\t\tborder: 2px solid #cfcfcf;\n\t\t\t}\n\t\t\t#gallery-1 .gallery-caption {\n\t\t\t\tmargin-left: 0;\n\t\t\t}\n\t\t\t\/* see gallery_shortcode() in wp-includes\/media.php *\/\n\t\t<\/style>\n\t\t<div id='gallery-1' class='gallery galleryid-4182 gallery-columns-3 gallery-size-thumbnail'><dl class='gallery-item'>\n\t\t\t<dt class='gallery-icon landscape'>\n\t\t\t\t<a href='https:\/\/www.feuerwehr-gratkorn.at\/home\/wp-content\/uploads\/2020\/12\/2020-12-22-T03-30.jpg'><img loading=\"lazy\" decoding=\"async\" width=\"150\" height=\"100\" src=\"https:\/\/www.feuerwehr-gratkorn.at\/home\/wp-content\/uploads\/2020\/12\/2020-12-22-T03-30-150x100.jpg\" class=\"attachment-thumbnail size-thumbnail\" alt=\"\" srcset=\"https:\/\/www.feuerwehr-gratkorn.at\/home\/wp-content\/uploads\/2020\/12\/2020-12-22-T03-30-150x100.jpg 150w, https:\/\/www.feuerwehr-gratkorn.at\/home\/wp-content\/uploads\/2020\/12\/2020-12-22-T03-30-300x200.jpg 300w, https:\/\/www.feuerwehr-gratkorn.at\/home\/wp-content\/uploads\/2020\/12\/2020-12-22-T03-30-720x480.jpg 720w, https:\/\/www.feuerwehr-gratkorn.at\/home\/wp-content\/uploads\/2020\/12\/2020-12-22-T03-30.jpg 726w\" sizes=\"auto, (max-width: 150px) 100vw, 150px\" \/><\/a>\n\t\t\t<\/dt><\/dl><dl class='gallery-item'>\n\t\t\t<dt class='gallery-icon landscape'>\n\t\t\t\t<a href='https:\/\/www.feuerwehr-gratkorn.at\/home\/wp-content\/uploads\/2020\/12\/2020-12-22-T03-18.jpg'><img loading=\"lazy\" decoding=\"async\" width=\"150\" height=\"100\" src=\"https:\/\/www.feuerwehr-gratkorn.at\/home\/wp-content\/uploads\/2020\/12\/2020-12-22-T03-18-150x100.jpg\" class=\"attachment-thumbnail size-thumbnail\" alt=\"\" srcset=\"https:\/\/www.feuerwehr-gratkorn.at\/home\/wp-content\/uploads\/2020\/12\/2020-12-22-T03-18-150x100.jpg 150w, https:\/\/www.feuerwehr-gratkorn.at\/home\/wp-content\/uploads\/2020\/12\/2020-12-22-T03-18-300x200.jpg 300w, https:\/\/www.feuerwehr-gratkorn.at\/home\/wp-content\/uploads\/2020\/12\/2020-12-22-T03-18-720x480.jpg 720w, https:\/\/www.feuerwehr-gratkorn.at\/home\/wp-content\/uploads\/2020\/12\/2020-12-22-T03-18.jpg 726w\" sizes=\"auto, (max-width: 150px) 100vw, 150px\" \/><\/a>\n\t\t\t<\/dt><\/dl><dl class='gallery-item'>\n\t\t\t<dt class='gallery-icon landscape'>\n\t\t\t\t<a href='https:\/\/www.feuerwehr-gratkorn.at\/home\/wp-content\/uploads\/2020\/12\/2020-12-22-T03-14.jpg'><img loading=\"lazy\" decoding=\"async\" width=\"150\" height=\"100\" src=\"https:\/\/www.feuerwehr-gratkorn.at\/home\/wp-content\/uploads\/2020\/12\/2020-12-22-T03-14-150x100.jpg\" class=\"attachment-thumbnail size-thumbnail\" alt=\"\" srcset=\"https:\/\/www.feuerwehr-gratkorn.at\/home\/wp-content\/uploads\/2020\/12\/2020-12-22-T03-14-150x100.jpg 150w, https:\/\/www.feuerwehr-gratkorn.at\/home\/wp-content\/uploads\/2020\/12\/2020-12-22-T03-14-300x200.jpg 300w, https:\/\/www.feuerwehr-gratkorn.at\/home\/wp-content\/uploads\/2020\/12\/2020-12-22-T03-14-720x480.jpg 720w, https:\/\/www.feuerwehr-gratkorn.at\/home\/wp-content\/uploads\/2020\/12\/2020-12-22-T03-14.jpg 726w\" sizes=\"auto, (max-width: 150px) 100vw, 150px\" \/><\/a>\n\t\t\t<\/dt><\/dl><br style=\"clear: both\" \/>\n\t\t<\/div>\n\n<p>\u00a0<\/p>\n\n","protected":false},"excerpt":{"rendered":"<p>Datum: 22.12.2020 Einsatzzeit: 23:55 &#8211; 00:45 Eingesetzte Fahrzeuge: HLF3 KRFS-Tunnel Weitere Einheiten: Polizei \u00d6AMTC<\/p>\n","protected":false},"author":1,"featured_media":4177,"comment_status":"open","ping_status":"open","sticky":false,"template":"","format":"standard","meta":{"footnotes":""},"categories":[51,47],"tags":[],"class_list":["post-4182","post","type-post","status-publish","format-standard","has-post-thumbnail","hentry","category-4-quartal-2020","category-einsaetze-2020"],"yoast_head":"<!-- This site is optimized with the Yoast SEO plugin v26.9 - https:\/\/yoast.com\/product\/yoast-seo-wordpress\/ -->\n<title>T03 - Verkehrsunfall  |  L302 - Freiwillige Feuerwehr Gratkorn - Markt<\/title>\n<meta name=\"robots\" content=\"index, follow, max-snippet:-1, max-image-preview:large, max-video-preview:-1\" \/>\n<link rel=\"canonical\" href=\"https:\/\/www.feuerwehr-gratkorn.at\/home\/einsaetze-2020\/4182\/\" \/>\n<meta property=\"og:locale\" content=\"de_DE\" \/>\n<meta property=\"og:type\" content=\"article\" \/>\n<meta property=\"og:title\" content=\"T03 - Verkehrsunfall  |  L302 - Freiwillige Feuerwehr Gratkorn - Markt\" \/>\n<meta property=\"og:description\" content=\"Datum: 22.12.2020 Einsatzzeit: 23:55 &#8211; 00:45 Eingesetzte Fahrzeuge: HLF3 KRFS-Tunnel Weitere Einheiten: Polizei \u00d6AMTC\" \/>\n<meta property=\"og:url\" content=\"https:\/\/www.feuerwehr-gratkorn.at\/home\/einsaetze-2020\/4182\/\" \/>\n<meta property=\"og:site_name\" content=\"Freiwillige Feuerwehr Gratkorn - Markt\" \/>\n<meta property=\"article:publisher\" content=\"https:\/\/www.facebook.com\/FeuerwehrGratkorn\" \/>\n<meta property=\"article:published_time\" content=\"2020-12-23T15:07:39+00:00\" \/>\n<meta property=\"article:modified_time\" content=\"2020-12-23T15:07:46+00:00\" \/>\n<meta property=\"og:image\" content=\"https:\/\/www.feuerwehr-gratkorn.at\/home\/wp-content\/uploads\/2020\/12\/2020-12-22-T03-30.jpg\" \/>\n\t<meta property=\"og:image:width\" content=\"726\" \/>\n\t<meta property=\"og:image:height\" content=\"484\" \/>\n\t<meta property=\"og:image:type\" content=\"image\/jpeg\" \/>\n<meta name=\"author\" content=\"Sitter\" \/>\n<meta name=\"twitter:card\" content=\"summary_large_image\" \/>\n<meta name=\"twitter:label1\" content=\"Verfasst von\" \/>\n\t<meta name=\"twitter:data1\" content=\"Sitter\" \/>\n<script type=\"application\/ld+json\" class=\"yoast-schema-graph\">{\"@context\":\"https:\/\/schema.org\",\"@graph\":[{\"@type\":\"Article\",\"@id\":\"https:\/\/www.feuerwehr-gratkorn.at\/home\/einsaetze-2020\/4182\/#article\",\"isPartOf\":{\"@id\":\"https:\/\/www.feuerwehr-gratkorn.at\/home\/einsaetze-2020\/4182\/\"},\"author\":{\"name\":\"Sitter\",\"@id\":\"https:\/\/www.feuerwehr-gratkorn.at\/home\/#\/schema\/person\/e2948a8721aed35576574a25261cea52\"},\"headline\":\"T03 &#8211; Verkehrsunfall | L302\",\"datePublished\":\"2020-12-23T15:07:39+00:00\",\"dateModified\":\"2020-12-23T15:07:46+00:00\",\"mainEntityOfPage\":{\"@id\":\"https:\/\/www.feuerwehr-gratkorn.at\/home\/einsaetze-2020\/4182\/\"},\"wordCount\":78,\"commentCount\":0,\"publisher\":{\"@id\":\"https:\/\/www.feuerwehr-gratkorn.at\/home\/#organization\"},\"image\":{\"@id\":\"https:\/\/www.feuerwehr-gratkorn.at\/home\/einsaetze-2020\/4182\/#primaryimage\"},\"thumbnailUrl\":\"https:\/\/www.feuerwehr-gratkorn.at\/home\/wp-content\/uploads\/2020\/12\/2020-12-22-T03-30.jpg\",\"articleSection\":[\"4. Quartal 2020\",\"Eins\u00e4tze 2020\"],\"inLanguage\":\"de\",\"potentialAction\":[{\"@type\":\"CommentAction\",\"name\":\"Comment\",\"target\":[\"https:\/\/www.feuerwehr-gratkorn.at\/home\/einsaetze-2020\/4182\/#respond\"]}]},{\"@type\":\"WebPage\",\"@id\":\"https:\/\/www.feuerwehr-gratkorn.at\/home\/einsaetze-2020\/4182\/\",\"url\":\"https:\/\/www.feuerwehr-gratkorn.at\/home\/einsaetze-2020\/4182\/\",\"name\":\"T03 - Verkehrsunfall | L302 - Freiwillige Feuerwehr Gratkorn - Markt\",\"isPartOf\":{\"@id\":\"https:\/\/www.feuerwehr-gratkorn.at\/home\/#website\"},\"primaryImageOfPage\":{\"@id\":\"https:\/\/www.feuerwehr-gratkorn.at\/home\/einsaetze-2020\/4182\/#primaryimage\"},\"image\":{\"@id\":\"https:\/\/www.feuerwehr-gratkorn.at\/home\/einsaetze-2020\/4182\/#primaryimage\"},\"thumbnailUrl\":\"https:\/\/www.feuerwehr-gratkorn.at\/home\/wp-content\/uploads\/2020\/12\/2020-12-22-T03-30.jpg\",\"datePublished\":\"2020-12-23T15:07:39+00:00\",\"dateModified\":\"2020-12-23T15:07:46+00:00\",\"breadcrumb\":{\"@id\":\"https:\/\/www.feuerwehr-gratkorn.at\/home\/einsaetze-2020\/4182\/#breadcrumb\"},\"inLanguage\":\"de\",\"potentialAction\":[{\"@type\":\"ReadAction\",\"target\":[\"https:\/\/www.feuerwehr-gratkorn.at\/home\/einsaetze-2020\/4182\/\"]}]},{\"@type\":\"ImageObject\",\"inLanguage\":\"de\",\"@id\":\"https:\/\/www.feuerwehr-gratkorn.at\/home\/einsaetze-2020\/4182\/#primaryimage\",\"url\":\"https:\/\/www.feuerwehr-gratkorn.at\/home\/wp-content\/uploads\/2020\/12\/2020-12-22-T03-30.jpg\",\"contentUrl\":\"https:\/\/www.feuerwehr-gratkorn.at\/home\/wp-content\/uploads\/2020\/12\/2020-12-22-T03-30.jpg\",\"width\":726,\"height\":484},{\"@type\":\"BreadcrumbList\",\"@id\":\"https:\/\/www.feuerwehr-gratkorn.at\/home\/einsaetze-2020\/4182\/#breadcrumb\",\"itemListElement\":[{\"@type\":\"ListItem\",\"position\":1,\"name\":\"Startseite\",\"item\":\"https:\/\/www.feuerwehr-gratkorn.at\/home\/\"},{\"@type\":\"ListItem\",\"position\":2,\"name\":\"T03 &#8211; Verkehrsunfall | L302\"}]},{\"@type\":\"WebSite\",\"@id\":\"https:\/\/www.feuerwehr-gratkorn.at\/home\/#website\",\"url\":\"https:\/\/www.feuerwehr-gratkorn.at\/home\/\",\"name\":\"Freiwillige Feuerwehr Gratkorn - Markt\",\"description\":\"Unsere Freizeit f\u00fcr Ihre Sicherheit\",\"publisher\":{\"@id\":\"https:\/\/www.feuerwehr-gratkorn.at\/home\/#organization\"},\"potentialAction\":[{\"@type\":\"SearchAction\",\"target\":{\"@type\":\"EntryPoint\",\"urlTemplate\":\"https:\/\/www.feuerwehr-gratkorn.at\/home\/?s={search_term_string}\"},\"query-input\":{\"@type\":\"PropertyValueSpecification\",\"valueRequired\":true,\"valueName\":\"search_term_string\"}}],\"inLanguage\":\"de\"},{\"@type\":\"Organization\",\"@id\":\"https:\/\/www.feuerwehr-gratkorn.at\/home\/#organization\",\"name\":\"Freiwillige Feuerwehr Gratkorn - Markt\",\"url\":\"https:\/\/www.feuerwehr-gratkorn.at\/home\/\",\"logo\":{\"@type\":\"ImageObject\",\"inLanguage\":\"de\",\"@id\":\"https:\/\/www.feuerwehr-gratkorn.at\/home\/#\/schema\/logo\/image\/\",\"url\":\"https:\/\/www.feuerwehr-gratkorn.at\/home\/wp-content\/uploads\/2017\/01\/feuerwehrlogo.png\",\"contentUrl\":\"https:\/\/www.feuerwehr-gratkorn.at\/home\/wp-content\/uploads\/2017\/01\/feuerwehrlogo.png\",\"width\":225,\"height\":225,\"caption\":\"Freiwillige Feuerwehr Gratkorn - Markt\"},\"image\":{\"@id\":\"https:\/\/www.feuerwehr-gratkorn.at\/home\/#\/schema\/logo\/image\/\"},\"sameAs\":[\"https:\/\/www.facebook.com\/FeuerwehrGratkorn\",\"https:\/\/www.youtube.com\/channel\/UCzJVDxEgwKg6lxZNPn3A3AQ\"]},{\"@type\":\"Person\",\"@id\":\"https:\/\/www.feuerwehr-gratkorn.at\/home\/#\/schema\/person\/e2948a8721aed35576574a25261cea52\",\"name\":\"Sitter\",\"image\":{\"@type\":\"ImageObject\",\"inLanguage\":\"de\",\"@id\":\"https:\/\/www.feuerwehr-gratkorn.at\/home\/#\/schema\/person\/image\/\",\"url\":\"https:\/\/secure.gravatar.com\/avatar\/6206cc4ac4faf690e3c998c5812830b160a99ad27fa85c8018e680872854e9de?s=96&d=mm&r=g\",\"contentUrl\":\"https:\/\/secure.gravatar.com\/avatar\/6206cc4ac4faf690e3c998c5812830b160a99ad27fa85c8018e680872854e9de?s=96&d=mm&r=g\",\"caption\":\"Sitter\"}}]}<\/script>\n<!-- \/ Yoast SEO plugin. -->","yoast_head_json":{"title":"T03 - Verkehrsunfall  |  L302 - Freiwillige Feuerwehr Gratkorn - Markt","robots":{"index":"index","follow":"follow","max-snippet":"max-snippet:-1","max-image-preview":"max-image-preview:large","max-video-preview":"max-video-preview:-1"},"canonical":"https:\/\/www.feuerwehr-gratkorn.at\/home\/einsaetze-2020\/4182\/","og_locale":"de_DE","og_type":"article","og_title":"T03 - Verkehrsunfall  |  L302 - Freiwillige Feuerwehr Gratkorn - Markt","og_description":"Datum: 22.12.2020 Einsatzzeit: 23:55 &#8211; 00:45 Eingesetzte Fahrzeuge: HLF3 KRFS-Tunnel Weitere Einheiten: Polizei \u00d6AMTC","og_url":"https:\/\/www.feuerwehr-gratkorn.at\/home\/einsaetze-2020\/4182\/","og_site_name":"Freiwillige Feuerwehr Gratkorn - Markt","article_publisher":"https:\/\/www.facebook.com\/FeuerwehrGratkorn","article_published_time":"2020-12-23T15:07:39+00:00","article_modified_time":"2020-12-23T15:07:46+00:00","og_image":[{"width":726,"height":484,"url":"https:\/\/www.feuerwehr-gratkorn.at\/home\/wp-content\/uploads\/2020\/12\/2020-12-22-T03-30.jpg","type":"image\/jpeg"}],"author":"Sitter","twitter_card":"summary_large_image","twitter_misc":{"Verfasst von":"Sitter"},"schema":{"@context":"https:\/\/schema.org","@graph":[{"@type":"Article","@id":"https:\/\/www.feuerwehr-gratkorn.at\/home\/einsaetze-2020\/4182\/#article","isPartOf":{"@id":"https:\/\/www.feuerwehr-gratkorn.at\/home\/einsaetze-2020\/4182\/"},"author":{"name":"Sitter","@id":"https:\/\/www.feuerwehr-gratkorn.at\/home\/#\/schema\/person\/e2948a8721aed35576574a25261cea52"},"headline":"T03 &#8211; Verkehrsunfall | L302","datePublished":"2020-12-23T15:07:39+00:00","dateModified":"2020-12-23T15:07:46+00:00","mainEntityOfPage":{"@id":"https:\/\/www.feuerwehr-gratkorn.at\/home\/einsaetze-2020\/4182\/"},"wordCount":78,"commentCount":0,"publisher":{"@id":"https:\/\/www.feuerwehr-gratkorn.at\/home\/#organization"},"image":{"@id":"https:\/\/www.feuerwehr-gratkorn.at\/home\/einsaetze-2020\/4182\/#primaryimage"},"thumbnailUrl":"https:\/\/www.feuerwehr-gratkorn.at\/home\/wp-content\/uploads\/2020\/12\/2020-12-22-T03-30.jpg","articleSection":["4. Quartal 2020","Eins\u00e4tze 2020"],"inLanguage":"de","potentialAction":[{"@type":"CommentAction","name":"Comment","target":["https:\/\/www.feuerwehr-gratkorn.at\/home\/einsaetze-2020\/4182\/#respond"]}]},{"@type":"WebPage","@id":"https:\/\/www.feuerwehr-gratkorn.at\/home\/einsaetze-2020\/4182\/","url":"https:\/\/www.feuerwehr-gratkorn.at\/home\/einsaetze-2020\/4182\/","name":"T03 - Verkehrsunfall | L302 - Freiwillige Feuerwehr Gratkorn - Markt","isPartOf":{"@id":"https:\/\/www.feuerwehr-gratkorn.at\/home\/#website"},"primaryImageOfPage":{"@id":"https:\/\/www.feuerwehr-gratkorn.at\/home\/einsaetze-2020\/4182\/#primaryimage"},"image":{"@id":"https:\/\/www.feuerwehr-gratkorn.at\/home\/einsaetze-2020\/4182\/#primaryimage"},"thumbnailUrl":"https:\/\/www.feuerwehr-gratkorn.at\/home\/wp-content\/uploads\/2020\/12\/2020-12-22-T03-30.jpg","datePublished":"2020-12-23T15:07:39+00:00","dateModified":"2020-12-23T15:07:46+00:00","breadcrumb":{"@id":"https:\/\/www.feuerwehr-gratkorn.at\/home\/einsaetze-2020\/4182\/#breadcrumb"},"inLanguage":"de","potentialAction":[{"@type":"ReadAction","target":["https:\/\/www.feuerwehr-gratkorn.at\/home\/einsaetze-2020\/4182\/"]}]},{"@type":"ImageObject","inLanguage":"de","@id":"https:\/\/www.feuerwehr-gratkorn.at\/home\/einsaetze-2020\/4182\/#primaryimage","url":"https:\/\/www.feuerwehr-gratkorn.at\/home\/wp-content\/uploads\/2020\/12\/2020-12-22-T03-30.jpg","contentUrl":"https:\/\/www.feuerwehr-gratkorn.at\/home\/wp-content\/uploads\/2020\/12\/2020-12-22-T03-30.jpg","width":726,"height":484},{"@type":"BreadcrumbList","@id":"https:\/\/www.feuerwehr-gratkorn.at\/home\/einsaetze-2020\/4182\/#breadcrumb","itemListElement":[{"@type":"ListItem","position":1,"name":"Startseite","item":"https:\/\/www.feuerwehr-gratkorn.at\/home\/"},{"@type":"ListItem","position":2,"name":"T03 &#8211; Verkehrsunfall | L302"}]},{"@type":"WebSite","@id":"https:\/\/www.feuerwehr-gratkorn.at\/home\/#website","url":"https:\/\/www.feuerwehr-gratkorn.at\/home\/","name":"Freiwillige Feuerwehr Gratkorn - Markt","description":"Unsere Freizeit f\u00fcr Ihre Sicherheit","publisher":{"@id":"https:\/\/www.feuerwehr-gratkorn.at\/home\/#organization"},"potentialAction":[{"@type":"SearchAction","target":{"@type":"EntryPoint","urlTemplate":"https:\/\/www.feuerwehr-gratkorn.at\/home\/?s={search_term_string}"},"query-input":{"@type":"PropertyValueSpecification","valueRequired":true,"valueName":"search_term_string"}}],"inLanguage":"de"},{"@type":"Organization","@id":"https:\/\/www.feuerwehr-gratkorn.at\/home\/#organization","name":"Freiwillige Feuerwehr Gratkorn - Markt","url":"https:\/\/www.feuerwehr-gratkorn.at\/home\/","logo":{"@type":"ImageObject","inLanguage":"de","@id":"https:\/\/www.feuerwehr-gratkorn.at\/home\/#\/schema\/logo\/image\/","url":"https:\/\/www.feuerwehr-gratkorn.at\/home\/wp-content\/uploads\/2017\/01\/feuerwehrlogo.png","contentUrl":"https:\/\/www.feuerwehr-gratkorn.at\/home\/wp-content\/uploads\/2017\/01\/feuerwehrlogo.png","width":225,"height":225,"caption":"Freiwillige Feuerwehr Gratkorn - Markt"},"image":{"@id":"https:\/\/www.feuerwehr-gratkorn.at\/home\/#\/schema\/logo\/image\/"},"sameAs":["https:\/\/www.facebook.com\/FeuerwehrGratkorn","https:\/\/www.youtube.com\/channel\/UCzJVDxEgwKg6lxZNPn3A3AQ"]},{"@type":"Person","@id":"https:\/\/www.feuerwehr-gratkorn.at\/home\/#\/schema\/person\/e2948a8721aed35576574a25261cea52","name":"Sitter","image":{"@type":"ImageObject","inLanguage":"de","@id":"https:\/\/www.feuerwehr-gratkorn.at\/home\/#\/schema\/person\/image\/","url":"https:\/\/secure.gravatar.com\/avatar\/6206cc4ac4faf690e3c998c5812830b160a99ad27fa85c8018e680872854e9de?s=96&d=mm&r=g","contentUrl":"https:\/\/secure.gravatar.com\/avatar\/6206cc4ac4faf690e3c998c5812830b160a99ad27fa85c8018e680872854e9de?s=96&d=mm&r=g","caption":"Sitter"}}]}},"_links":{"self":[{"href":"https:\/\/www.feuerwehr-gratkorn.at\/home\/wp-json\/wp\/v2\/posts\/4182","targetHints":{"allow":["GET"]}}],"collection":[{"href":"https:\/\/www.feuerwehr-gratkorn.at\/home\/wp-json\/wp\/v2\/posts"}],"about":[{"href":"https:\/\/www.feuerwehr-gratkorn.at\/home\/wp-json\/wp\/v2\/types\/post"}],"author":[{"embeddable":true,"href":"https:\/\/www.feuerwehr-gratkorn.at\/home\/wp-json\/wp\/v2\/users\/1"}],"replies":[{"embeddable":true,"href":"https:\/\/www.feuerwehr-gratkorn.at\/home\/wp-json\/wp\/v2\/comments?post=4182"}],"version-history":[{"count":2,"href":"https:\/\/www.feuerwehr-gratkorn.at\/home\/wp-json\/wp\/v2\/posts\/4182\/revisions"}],"predecessor-version":[{"id":4184,"href":"https:\/\/www.feuerwehr-gratkorn.at\/home\/wp-json\/wp\/v2\/posts\/4182\/revisions\/4184"}],"wp:featuredmedia":[{"embeddable":true,"href":"https:\/\/www.feuerwehr-gratkorn.at\/home\/wp-json\/wp\/v2\/media\/4177"}],"wp:attachment":[{"href":"https:\/\/www.feuerwehr-gratkorn.at\/home\/wp-json\/wp\/v2\/media?parent=4182"}],"wp:term":[{"taxonomy":"category","embeddable":true,"href":"https:\/\/www.feuerwehr-gratkorn.at\/home\/wp-json\/wp\/v2\/categories?post=4182"},{"taxonomy":"post_tag","embeddable":true,"href":"https:\/\/www.feuerwehr-gratkorn.at\/home\/wp-json\/wp\/v2\/tags?post=4182"}],"curies":[{"name":"wp","href":"https:\/\/api.w.org\/{rel}","templated":true}]}}